{"id":49578,"date":"2024-10-18T22:21:17","date_gmt":"2024-10-18T22:21:17","guid":{"rendered":"https:\/\/tvbrazilusa.com\/2024\/10\/18\/minha-filha-foi-levar-a-estela-no-medico-e-voltou-carregando-ela-nos-bracos-desmaiada-e-sangrando-diz-avo-de-menina-de-3-anos-baleada-na-cabeca\/"},"modified":"2024-10-18T22:21:19","modified_gmt":"2024-10-18T22:21:19","slug":"minha-filha-foi-levar-a-estela-no-medico-e-voltou-carregando-ela-nos-bracos-desmaiada-e-sangrando-diz-avo-de-menina-de-3-anos-baleada-na-cabeca","status":"publish","type":"post","link":"https:\/\/tvbrazilusa.com\/pt\/2024\/10\/18\/minha-filha-foi-levar-a-estela-no-medico-e-voltou-carregando-ela-nos-bracos-desmaiada-e-sangrando-diz-avo-de-menina-de-3-anos-baleada-na-cabeca\/","title":{"rendered":"&#8216;Minha filha foi levar a Estela no m\u00e9dico e voltou carregando ela nos bra\u00e7os, desmaiada e sangrando&#8217;, diz av\u00f3 de menina de 3 anos baleada na cabe\u00e7a"},"content":{"rendered":"<p> <script async src=\"https:\/\/pagead2.googlesyndication.com\/pagead\/js\/adsbygoogle.js?client=ca-pub-8864793242727901\"\r\n     crossorigin=\"anonymous\"><\/script><br \/>\n<\/p>\n<div id=\"taboola-read-more\" style=\"display:block; width:100%\">\n<p>A av\u00f3 da menina Estela de Oliveira Ferreira, de 3 anos, contou ao EXTRA que estava em casa cuidando da neta, quando os pais chegaram e decidiram levar a menina at\u00e9 uma Unidade de Pronta Atendimento, que fica comunidade Nova Aurora, em Belford Roxo.\n<\/p>\n<p>Ela estava rouca e resfriada h\u00e1 uns tr\u00eas dias. Por volta das 20h30, piorou. Foi quando pedi para minha filha e o meu genro levarem ela no m\u00e9dico. Foi neste momento, por volta das 21h, que come\u00e7ou um tiroteio do nada e minha neta foi atingida na cabe\u00e7a. Minha filha foi lavar a Estela no m\u00e9dico e voltou carregando ela nos bra\u00e7os, desmaiada e sangrando \u2014 contou Walkiria Alves.<\/p>\n<p>A dona de casa disse ainda que durante os disparos chegou a pedir para que a filha e o genro voltassem para casa, &#8220;mas j\u00e1 era tarde porque a menina tinha sido baleada&#8221;.\n<\/p>\n<p>\u2014 D\u00f3i muito, sabe? D\u00e1 uma sensa\u00e7\u00e3o horr\u00edvel dentro da gente. N\u00e3o desejo isso para fam\u00edlia de ningu\u00e9m. \u00c9 crian\u00e7a, crian\u00e7a, um beb\u00ea&#8230; Machucou muito ver minha neta baleada. Eu s\u00f3 pe\u00e7o a Deus que a gente consiga trazer um pouco de paz. Porque quem sofre \u00e9 quem n\u00e3o tem nada a ver com essa guerra. A gente sai para trabalhar com medo \u2014 desabafou a av\u00f3 da crian\u00e7a.\n<\/p>\n<p>Estela precisou passar por uma cirurgia de emerg\u00eancia para coloca\u00e7\u00e3o de um dreno no cr\u00e2nio. A opera\u00e7\u00e3o durou cerca de quatro horas. Segundo os familiares, os m\u00e9dicos disseram que todo o procedimento foi um sucesso. Mas que o quadro da menina ainda \u00e9 delicado.\n<\/p>\n<p>A m\u00e3e da Estela trabalha como assistente em um escrit\u00f3rio de advocacia no Centro. J\u00e1 o pai da crian\u00e7a \u00e9 cabeleireiro e tem um sal\u00e3o na comunidade.\n<\/p>\n<p>\u2014 Estela \u00e9 uma crian\u00e7a alegre e sorridente. Ela \u00e9 um amor. Todos gostam muito dela. N\u00e3o veio a hora da minha pequena se recuperar e voltar a brincadeira de massinha. Lembro que ela estava em casa, horas antes de ser baleada, cantando louvor comigo mesmo doente. Ainda n\u00e3o consigo acreditar que isso aconteceu com ela \u2014 lamentou a av\u00f3.\n<\/p>\n<p>Fonte: Extra <\/p>\n<\/div>\n<p><br \/>\n<br \/><a href=\"https:\/\/diariodobrasilnoticias.com.br\/noticia\/-minha-filha-foi-levar-a-estela-no-medico-e-voltou-carregando-ela-nos-bracos-desmaiada-e-sangrando-diz-avo-de-menina-de-3-anos-baleada-na-cabeca-6712bc80c3da4\">Source link <\/a><\/p>","protected":false},"excerpt":{"rendered":"<p>A av\u00f3 da menina Estela de Oliveira Ferreira, de 3 anos, contou ao EXTRA que estava em casa cuidando da neta, quando os pais chegaram e decidiram levar a menina&hellip;<\/p>","protected":false},"author":1,"featured_media":49579,"comment_status":"closed","ping_status":"open","sticky":false,"template":"","format":"standard","meta":{"content-type":"","footnotes":""},"categories":[16],"tags":[123,2448,5313,1267],"class_list":["post-49578","post","type-post","status-publish","format-standard","has-post-thumbnail","hentry","category-noticias","tag-brasil","tag-diario","tag-noticia","tag-noticias"],"_links":{"self":[{"href":"https:\/\/tvbrazilusa.com\/pt\/wp-json\/wp\/v2\/posts\/49578","targetHints":{"allow":["GET"]}}],"collection":[{"href":"https:\/\/tvbrazilusa.com\/pt\/wp-json\/wp\/v2\/posts"}],"about":[{"href":"https:\/\/tvbrazilusa.com\/pt\/wp-json\/wp\/v2\/types\/post"}],"author":[{"embeddable":true,"href":"https:\/\/tvbrazilusa.com\/pt\/wp-json\/wp\/v2\/users\/1"}],"replies":[{"embeddable":true,"href":"https:\/\/tvbrazilusa.com\/pt\/wp-json\/wp\/v2\/comments?post=49578"}],"version-history":[{"count":1,"href":"https:\/\/tvbrazilusa.com\/pt\/wp-json\/wp\/v2\/posts\/49578\/revisions"}],"predecessor-version":[{"id":49580,"href":"https:\/\/tvbrazilusa.com\/pt\/wp-json\/wp\/v2\/posts\/49578\/revisions\/49580"}],"wp:featuredmedia":[{"embeddable":true,"href":"https:\/\/tvbrazilusa.com\/pt\/wp-json\/wp\/v2\/media\/49579"}],"wp:attachment":[{"href":"https:\/\/tvbrazilusa.com\/pt\/wp-json\/wp\/v2\/media?parent=49578"}],"wp:term":[{"taxonomy":"category","embeddable":true,"href":"https:\/\/tvbrazilusa.com\/pt\/wp-json\/wp\/v2\/categories?post=49578"},{"taxonomy":"post_tag","embeddable":true,"href":"https:\/\/tvbrazilusa.com\/pt\/wp-json\/wp\/v2\/tags?post=49578"}],"curies":[{"name":"wp","href":"https:\/\/api.w.org\/{rel}","templated":true}]}}