{"id":49593,"date":"2024-10-18T23:26:03","date_gmt":"2024-10-18T23:26:03","guid":{"rendered":"https:\/\/tvbrazilusa.com\/2024\/10\/18\/os-impressionantes-resultados-eleitorais-de-nikolas-ferreira-um-jovem-destaque-da-direita\/"},"modified":"2024-10-18T23:26:04","modified_gmt":"2024-10-18T23:26:04","slug":"os-impressionantes-resultados-eleitorais-de-nikolas-ferreira-um-jovem-destaque-da-direita","status":"publish","type":"post","link":"https:\/\/tvbrazilusa.com\/pt\/2024\/10\/18\/os-impressionantes-resultados-eleitorais-de-nikolas-ferreira-um-jovem-destaque-da-direita\/","title":{"rendered":"Os impressionantes resultados eleitorais de Nikolas Ferreira, um jovem destaque da direita"},"content":{"rendered":"<p> <script async src=\"https:\/\/pagead2.googlesyndication.com\/pagead\/js\/adsbygoogle.js?client=ca-pub-8864793242727901\"\r\n     crossorigin=\"anonymous\"><\/script><br \/>\n<\/p>\n<div id=\"taboola-read-more\" style=\"display:block; width:100%\">\n<p>No dia 25 de agosto, Nikolas Ferreira publicou um v\u00eddeo em um pronto-socorro em Campos do Jord\u00e3o (SP) e pediu desculpas por faltar a um com\u00edcio porque teve de tomar soro depois de ter participado de seis compromissos no dia anterior. \u201cVou manter a agenda de Campos do Jord\u00e3o e de Guaratinguet\u00e1. A de S\u00e3o Jos\u00e9 dos Campos, de fato, n\u00e3o vou ter condi\u00e7\u00f5es\u201d, disse, citando outras cidades paulistas. Ap\u00f3s ser o deputado mais votado do pa\u00eds em 2022, com 1,49 milh\u00e3o de votos, Nikolas foi escalado como um dos principais cabos eleitorais do PL. E colocou o p\u00e9 na estrada. Na campanha, visitou sessenta cidades (incluindo dez capitais), superando o p\u00e9riplo do ex-\u00adpresidente Jair Bolsonaro, e apareceu mais nos palanques do que a ex-primeira-dama Michelle Bolsonaro, outra aposta do PL. Se n\u00e3o bastasse, Nikolas gravou ainda mais de 200 v\u00eddeos com candidatos pelo pa\u00eds. Nas ruas e na internet, tornou-se uma figura onipresente na campanha e, at\u00e9 aqui, obteve resultados impressionantes.\n<\/p>\n<p>Com um discurso que mistura bord\u00f5es manjados da direita, lacra\u00e7\u00f5es buriladas na internet e proselitismo religioso \u2014 \u00e9 evang\u00e9lico da Comunidade Gra\u00e7a &#038; Paz \u2014, ajudou o partido a chegar ao segundo turno em capitais importantes, como Fortaleza, Manaus e Cuiab\u00e1. Em Belo Horizonte, seu reduto eleitoral, fez seu ex-chefe de gabinete Pablo Almeida se tornar o vereador mais votado da hist\u00f3ria da capital, com 40\u2009000 votos. O plano de Nikolas e seus aliados \u00e9 ambicioso: tornar a capital mineira a \u201ccidade mais conservadora do Brasil\u201d. Ele j\u00e1 havia se empenhado no ano passado, quando atuou para eleger 33 dos 45 conselheiros tutelares \u2014 uma frente que a direita religiosa abra\u00e7ou com fervor. O passo mais decisivo ser\u00e1 a elei\u00e7\u00e3o a prefeito de Bruno Engler, do PL, que foi ao segundo turno desbancando candidatos apoiados por padrinhos poderosos, como o governador Romeu Zema, o ex-prefeito Alexandre Kalil e o presidente Lula.<\/p>\n<p>Os pedidos de apoio na elei\u00e7\u00e3o chegaram aos montes ao gabinete do deputado, que priorizou os candidatos vinculados ao Direita Minas, um grupo de Facebook que se tornou uma for\u00e7a pol\u00edtica coordenada por Nikolas. Depois deu aten\u00e7\u00e3o \u00e0s demandas espec\u00edficas do partido, al\u00e9m de candidaturas indicadas por outros deputados, como Gustavo Gayer, em Goi\u00e1s, e o ga\u00facho Luciano Zucco. O PL chegou a colocar um jatinho a sua disposi\u00e7\u00e3o. \u201cMesmo assim, n\u00e3o deu conta de fazer todos os compromissos\u201d, diz o cacique da legenda, Valdemar Costa Neto.\n<\/p>\n<p>A presen\u00e7a digital \u00e9 o grande ativo do deputado de 28 anos. Entre os pol\u00edticos, \u00e9 o terceiro com mais seguidores no Instagram (11,8 milh\u00f5es), atr\u00e1s s\u00f3 de Bolsonaro e Lula. No TikTok \u00e9 imbat\u00edvel, seguido por 6,1 milh\u00f5es de perfis. Nikolas desponta como expoente de um novo perfil pol\u00edtico de direita, mais jovem e conectado \u00e0s plataformas digitais. Nomes com caracter\u00edsticas semelhantes ganharam protagonismo neste pleito, como Andr\u00e9 Fernandes, que aos 26 anos est\u00e1 no segundo turno em Fortaleza. A irrever\u00eancia nas redes e o discurso extremista s\u00e3o estrat\u00e9gias para chamar a aten\u00e7\u00e3o do eleitor. N\u00e3o \u00e0 toa, declarou apoio a Pablo Mar\u00e7al em S\u00e3o Paulo.\n<\/p>\n<p>Seu protagonismo tamb\u00e9m lhe rende ci\u00fames e alguns pux\u00f5es de orelha. O pastor Silas Malafaia encheu a caixa de mensagens do deputado com duras cr\u00edticas por seu apoio a Mar\u00e7al. A repres\u00e1lia se repetiu ap\u00f3s Nikolas declarar o PSD como um inimigo da direita e iniciar campanha contra o partido, que \u00e9 aliado do PL. \u201cEle tenta atingir o governador de S\u00e3o Paulo. Isso eu achei feio\u201d, afirma o pastor. O pr\u00f3prio Costa Neto tamb\u00e9m disse que o jovem deve ter \u201cmais paci\u00eancia com o pessoal de centro que quer vir para o PL\u201d. Nikolas corrigiu a rota e, na \u00faltima semana, fez campanha a candidatos do PSD em Londrina e Curitiba.\n<\/p>\n<p>Ironizado no in\u00edcio pela oposi\u00e7\u00e3o na C\u00e2mara dos Deputados, ele se imp\u00f4s tamb\u00e9m em Bras\u00edlia, onde virou presidente da poderosa Comiss\u00e3o de Educa\u00e7\u00e3o. A sua trajet\u00f3ria pol\u00edtica come\u00e7ou em 2015, com protestos de rua que emergiram das redes sociais. Pelo impeachment de Dilma, acampou em frente ao Congresso ao lado de integrantes do MBL, grupo que hoje condena por n\u00e3o ter apoiado Bolsonaro na elei\u00e7\u00e3o. Neto e filho de pastores, Nikolas tem uma forma\u00e7\u00e3o estritamente crist\u00e3, com boas doses ideol\u00f3gicas do guru Olavo de Carvalho. Adolescente, participou de forma\u00e7\u00f5es evang\u00e9licas de Damares Alves, anos antes de ela entrar para a pol\u00edtica partid\u00e1ria. \u201cO fen\u00f4meno Nikolas \u00e9 uma inspira\u00e7\u00e3o para a juventude, que passa o recado: leia, estude, se prepare\u201d, diz a senadora. No caminho, colecionou trope\u00e7os como ter seus perfis suspensos por propagar fake news sobre as urnas eletr\u00f4nicas.\n<\/p>\n<p>Nome cada vez mais popular da direita, n\u00e3o se sabe quais s\u00e3o seus planos eleitorais pr\u00f3prios, mas o giro por dezenas de cidades mineiras levantou a especula\u00e7\u00e3o de que prepara terreno para disputar o governo do estado em 2026. Seria um salto e tanto para quem estreou na pol\u00edtica em 2020, j\u00e1 como o segundo vereador mais votado de Belo Horizonte. De l\u00e1 para c\u00e1, n\u00e3o fez outra coisa a n\u00e3o ser acenar cada vez mais para a direita \u2014 e para o alto.\n<\/p>\n<p>Fonte: Veja <\/p>\n<\/div>\n<p><br \/>\n<br \/><a href=\"https:\/\/diariodobrasilnoticias.com.br\/noticia\/os-impressionantes-resultados-eleitorais-de-nikolas-ferreira-um-jovem-destaque-da-direita-6712d62ac7cbd\">Source link <\/a><\/p>","protected":false},"excerpt":{"rendered":"<p>No dia 25 de agosto, Nikolas Ferreira publicou um v\u00eddeo em um pronto-socorro em Campos do Jord\u00e3o (SP) e pediu desculpas por faltar a um com\u00edcio porque teve de tomar&hellip;<\/p>","protected":false},"author":1,"featured_media":49594,"comment_status":"closed","ping_status":"open","sticky":false,"template":"","format":"standard","meta":{"content-type":"","footnotes":""},"categories":[16],"tags":[123,2448,5313,1267],"class_list":["post-49593","post","type-post","status-publish","format-standard","has-post-thumbnail","hentry","category-noticias","tag-brasil","tag-diario","tag-noticia","tag-noticias"],"_links":{"self":[{"href":"https:\/\/tvbrazilusa.com\/pt\/wp-json\/wp\/v2\/posts\/49593","targetHints":{"allow":["GET"]}}],"collection":[{"href":"https:\/\/tvbrazilusa.com\/pt\/wp-json\/wp\/v2\/posts"}],"about":[{"href":"https:\/\/tvbrazilusa.com\/pt\/wp-json\/wp\/v2\/types\/post"}],"author":[{"embeddable":true,"href":"https:\/\/tvbrazilusa.com\/pt\/wp-json\/wp\/v2\/users\/1"}],"replies":[{"embeddable":true,"href":"https:\/\/tvbrazilusa.com\/pt\/wp-json\/wp\/v2\/comments?post=49593"}],"version-history":[{"count":1,"href":"https:\/\/tvbrazilusa.com\/pt\/wp-json\/wp\/v2\/posts\/49593\/revisions"}],"predecessor-version":[{"id":49595,"href":"https:\/\/tvbrazilusa.com\/pt\/wp-json\/wp\/v2\/posts\/49593\/revisions\/49595"}],"wp:featuredmedia":[{"embeddable":true,"href":"https:\/\/tvbrazilusa.com\/pt\/wp-json\/wp\/v2\/media\/49594"}],"wp:attachment":[{"href":"https:\/\/tvbrazilusa.com\/pt\/wp-json\/wp\/v2\/media?parent=49593"}],"wp:term":[{"taxonomy":"category","embeddable":true,"href":"https:\/\/tvbrazilusa.com\/pt\/wp-json\/wp\/v2\/categories?post=49593"},{"taxonomy":"post_tag","embeddable":true,"href":"https:\/\/tvbrazilusa.com\/pt\/wp-json\/wp\/v2\/tags?post=49593"}],"curies":[{"name":"wp","href":"https:\/\/api.w.org\/{rel}","templated":true}]}}