{"id":49596,"date":"2024-10-18T23:37:54","date_gmt":"2024-10-18T23:37:54","guid":{"rendered":"https:\/\/tvbrazilusa.com\/2024\/10\/18\/stf-permite-que-trans-usem-parturiente-em-vez-de-mae-ou-pai-paulo-figueiredo\/"},"modified":"2024-10-18T23:44:10","modified_gmt":"2024-10-18T23:44:10","slug":"stf-permite-que-trans-usem-parturiente-em-vez-de-mae-ou-pai-paulo-figueiredo","status":"publish","type":"post","link":"https:\/\/tvbrazilusa.com\/pt\/2024\/10\/18\/stf-permite-que-trans-usem-parturiente-em-vez-de-mae-ou-pai-paulo-figueiredo\/","title":{"rendered":"STF permite que trans usem \u201cparturiente\u201d em vez de \u201cm\u00e3e\u201d ou \u201cpai\u201d &#8211; Paulo Figueiredo"},"content":{"rendered":"<p> <script async src=\"https:\/\/pagead2.googlesyndication.com\/pagead\/js\/adsbygoogle.js?client=ca-pub-8864793242727901\"\r\n     crossorigin=\"anonymous\"><\/script><br \/>\n<\/p>\n<div id=\"wtr-content\" data-bg=\"#FFFFFF\" data-fg=\"#006d91\" data-width=\"25\" data-mute=\"1\" data-fgopacity=\"1.00\" data-mutedopacity=\"0.5\" data-placement=\"bottom\" data-placement-offset=\"0\" data-content-offset=\"262\" data-placement-touch=\"bottom\" data-placement-offset-touch=\"0\" data-transparent=\"\" data-shadow=\"0\" data-touch=\"1\" data-non-touch=\"1\" data-comments=\"0\" data-commentsbg=\"transparent\" data-location=\"page\" data-mutedfg=\"#006d91\" data-endfg=\"#006d91\" data-rtl=\"\">\n<p class=\"has-small-font-size\">Foto \u2013 Andressa Anholete\/STF<\/p>\n<h3 class=\"wp-block-heading\">Corte adequou formul\u00e1rio do SUS para registro de rec\u00e9m-nascidos e incluiu novas configura\u00e7\u00f5es familiares<\/h3>\n<p>O\u00a0STF\u00a0(Supremo Tribunal Federal) decidiu nesta 5\u00aa feira (17.out.2024) que o SUS (Sistema \u00danico de Sa\u00fade) dever\u00e1 adotar em seu formul\u00e1rio de DNV (Declara\u00e7\u00e3o de Nascido Vivo) o termo\u00a0<em>\u201cparturiente\u201d<\/em>\u00a0como\u00a0alternativa\u00a0para\u00a0<em>\u201cm\u00e3e\u201d\u00a0<\/em>e\u00a0<em>\u201cpai\u201d<\/em>. A medida foi tomada para \u201cincluir\u201d a popula\u00e7\u00e3o transexual e dar representatividade a novas configura\u00e7\u00f5es familiares.<\/p>\n<p>A a\u00e7\u00e3o (ADPF 787), movida pelo PT (Partido dos Trabalhadores), questionava a \u201comiss\u00e3o\u201d do Minist\u00e9rio da Sa\u00fade em reconhecer \u201chomens que gestam filhos\u201d. O partido considerava inadequado essas pessoas serem identificadas como\u00a0<em>\u201cm\u00e3es\u201d<\/em>\u00a0por poderem gestar.<\/p>\n<p>Com a decis\u00e3o, o Minist\u00e9rio da Sa\u00fade dever\u00e1 alterar o formul\u00e1rio de DNV para incluir a alternativa\u00a0<em>\u201cparturiente\u201d<\/em>. O documento \u00e9 emitido por hospitais e entregue aos cart\u00f3rios para registro civil do rec\u00e9m-nascido.<\/p>\n<p>O relator do caso, ministro Gilmar Mendes, havia votado para reconhecer como solucionado o caso, uma vez que o Minist\u00e9rio da Sa\u00fade j\u00e1 havia alterado o documento para atender \u00e0s demandas da popula\u00e7\u00e3o trans. J\u00e1 o ministro Edson Fachin divergiu, por achar que a decis\u00e3o judicial \u00e9 necess\u00e1ria para n\u00e3o ser revertida no futuro.<\/p>\n<p>A conclus\u00e3o foi de encontro com o voto de Andr\u00e9 Mendon\u00e7a, que defendeu a manuten\u00e7\u00e3o dos termos\u00a0<em>\u201cpai\u201d<\/em>\u00a0e\u00a0<em>\u201cm\u00e3e\u201d<\/em>, mas tamb\u00e9m sugeriu a inclus\u00e3o do termo\u00a0<em>\u201cparturiente\u201d<\/em>, de preenchimento obrigat\u00f3rio. Tamb\u00e9m ficou definido que o campo\u00a0<em>\u201crespons\u00e1vel legal\u201d<\/em>\u00a0passe a ser\u00a0<em>\u201crespons\u00e1vel legal\/pai\u201d<\/em>, de preenchimento facultativo. Os ministros Alexandre de Moraes e Nunes Marques votaram com Mendon\u00e7a.<\/p>\n<h3 class=\"wp-block-heading\">ACESSO DE \u201cPESSOAS TRANS\u201d AO SUS<\/h3>\n<p>A a\u00e7\u00e3o tamb\u00e9m analisou o acesso de pessoas trans aos servi\u00e7os de sa\u00fade do SUS. O PT argumentou que homens trans enfrentam barreiras em atendimentos ginecol\u00f3gicos, enquanto mulheres trans e travestis encontram dificuldades em consultas urol\u00f3gicas.<\/p>\n<p>O Supremo entendeu que o Minist\u00e9rio da Sa\u00fade deve adotar as provid\u00eancias necess\u00e1rias para garantir o acesso dessa popula\u00e7\u00e3o \u00e0s pol\u00edticas p\u00fablicas de sa\u00fade.<\/p>\n<p>Assim, o \u00f3rg\u00e3o dever\u00e1 fazer altera\u00e7\u00f5es em seus sistemas para que pessoas trans possam marcar consultas e exames de todas as especialidades m\u00e9dicas independente do registro do sexo biol\u00f3gico.<\/p>\n<p>Sobre este caso, os ministros Gilmar Mendes, Alexandre de Moraes, Dias Toffoli, Luiz Fux, Andr\u00e9 Mendon\u00e7a e Nunes Marques votaram a favor das mudan\u00e7as. Ainda, a ministra Rosa Weber e o ministro Ricardo Lewandowski, j\u00e1 aposentados, concordaram com a altera\u00e7\u00e3o.<\/p>\n<p>Os ministros Edson Fachin, Roberto Barroso e a ministra C\u00e1rmen L\u00facia divergiram parcialmente do voto do decano.<\/p>\n<p><strong><a href=\"https:\/\/www.poder360.com.br\/poder-justica\/stf-permite-que-trans-usem-parturiente-em-vez-de-pai-ou-mae\/\">Source link<\/a><\/strong><\/p>\n<\/div>\n<p><br \/>\n<br \/><a href=\"https:\/\/paulofigueiredoshow.com\/stf-permite-que-trans-usem-parturiente-em-vez-de-mae-ou-pai\/\">Source link <\/a><\/p>","protected":false},"excerpt":{"rendered":"<p>Foto \u2013 Andressa Anholete\/STF Corte adequou formul\u00e1rio do SUS para registro de rec\u00e9m-nascidos e incluiu novas configura\u00e7\u00f5es familiares O\u00a0STF\u00a0(Supremo Tribunal Federal) decidiu nesta 5\u00aa feira (17.out.2024) que o SUS (Sistema&hellip;<\/p>","protected":false},"author":1,"featured_media":17917,"comment_status":"closed","ping_status":"open","sticky":false,"template":"","format":"standard","meta":{"content-type":"","footnotes":""},"categories":[16],"tags":[2855,17699,28197,219,4013,28198,1378,2857],"class_list":["post-49596","post","type-post","status-publish","format-standard","has-post-thumbnail","hentry","category-noticias","tag-agenda","tag-andre-mendonca","tag-gestante","tag-mae","tag-pai","tag-parturiente","tag-pt","tag-woke"],"_links":{"self":[{"href":"https:\/\/tvbrazilusa.com\/pt\/wp-json\/wp\/v2\/posts\/49596","targetHints":{"allow":["GET"]}}],"collection":[{"href":"https:\/\/tvbrazilusa.com\/pt\/wp-json\/wp\/v2\/posts"}],"about":[{"href":"https:\/\/tvbrazilusa.com\/pt\/wp-json\/wp\/v2\/types\/post"}],"author":[{"embeddable":true,"href":"https:\/\/tvbrazilusa.com\/pt\/wp-json\/wp\/v2\/users\/1"}],"replies":[{"embeddable":true,"href":"https:\/\/tvbrazilusa.com\/pt\/wp-json\/wp\/v2\/comments?post=49596"}],"version-history":[{"count":1,"href":"https:\/\/tvbrazilusa.com\/pt\/wp-json\/wp\/v2\/posts\/49596\/revisions"}],"predecessor-version":[{"id":49597,"href":"https:\/\/tvbrazilusa.com\/pt\/wp-json\/wp\/v2\/posts\/49596\/revisions\/49597"}],"wp:featuredmedia":[{"embeddable":true,"href":"https:\/\/tvbrazilusa.com\/pt\/wp-json\/wp\/v2\/media\/17917"}],"wp:attachment":[{"href":"https:\/\/tvbrazilusa.com\/pt\/wp-json\/wp\/v2\/media?parent=49596"}],"wp:term":[{"taxonomy":"category","embeddable":true,"href":"https:\/\/tvbrazilusa.com\/pt\/wp-json\/wp\/v2\/categories?post=49596"},{"taxonomy":"post_tag","embeddable":true,"href":"https:\/\/tvbrazilusa.com\/pt\/wp-json\/wp\/v2\/tags?post=49596"}],"curies":[{"name":"wp","href":"https:\/\/api.w.org\/{rel}","templated":true}]}}