{"id":49617,"date":"2024-10-19T00:49:41","date_gmt":"2024-10-19T00:49:41","guid":{"rendered":"https:\/\/tvbrazilusa.com\/2024\/10\/19\/nikolas-ferreira-aciona-pgr-por-palestra-educando-com-o-c-na-ufma-paulo-figueiredo\/"},"modified":"2024-10-19T01:21:39","modified_gmt":"2024-10-19T01:21:39","slug":"nikolas-ferreira-aciona-pgr-por-palestra-educando-com-o-c-na-ufma-paulo-figueiredo","status":"publish","type":"post","link":"https:\/\/tvbrazilusa.com\/pt\/2024\/10\/19\/nikolas-ferreira-aciona-pgr-por-palestra-educando-com-o-c-na-ufma-paulo-figueiredo\/","title":{"rendered":"Nikolas Ferreira aciona PGR por palestra \u2018educando com o c\u2019 na UFMA &#8211; Paulo Figueiredo"},"content":{"rendered":"<p> <script async src=\"https:\/\/pagead2.googlesyndication.com\/pagead\/js\/adsbygoogle.js?client=ca-pub-8864793242727901\"\r\n     crossorigin=\"anonymous\"><\/script><br \/>\n<\/p>\n<div id=\"wtr-content\" data-bg=\"#FFFFFF\" data-fg=\"#006d91\" data-width=\"25\" data-mute=\"1\" data-fgopacity=\"1.00\" data-mutedopacity=\"0.5\" data-placement=\"bottom\" data-placement-offset=\"0\" data-content-offset=\"262\" data-placement-touch=\"bottom\" data-placement-offset-touch=\"0\" data-transparent=\"\" data-shadow=\"0\" data-touch=\"1\" data-non-touch=\"1\" data-comments=\"0\" data-commentsbg=\"transparent\" data-location=\"page\" data-mutedfg=\"#006d91\" data-endfg=\"#006d91\" data-rtl=\"\">\n<h3 class=\"wp-block-heading\">Deputado cobra investiga\u00e7\u00e3o sobre semin\u00e1rio er\u00f3tico da universidade<\/h3>\n<p>O deputado federal Nikolas Ferreira (PL-MG), presidente da Comiss\u00e3o de Educa\u00e7\u00e3o da C\u00e2mara, acionou a Procuradoria-Geral da Rep\u00fablica (PGR) para investigar a palestra er\u00f3tica realizada durante o 1\u00ba Encontro de \u201cG\u00eanero\u201d do Grupo de Pesquisa Epistemologia da Antropologia, Etnologia e Pol\u00edtica da Universidade Federal do Maranh\u00e3o (UFMA).<\/p>\n<p>O parlamentar solicitou informa\u00e7\u00f5es \u00e0 UFMA sobre o grupo de pesquisa respons\u00e1vel pela organiza\u00e7\u00e3o do evento. Nikolas declarou que, caso seja comprovada coniv\u00eancia com o ocorrido, os envolvidos podem ser exonerados de seus cargos. \u201cSe as apura\u00e7\u00f5es demonstrarem ci\u00eancia e leni\u00eancia quanto ao fato, solicitarei a exonera\u00e7\u00e3o de todos\u201d, alertou, em entrevista ao Metr\u00f3poles.<\/p>\n<p>A performance er\u00f3tica da travesti Tertuliana Lustosa na UFMA causou revolta na internet, mas sobretudo entre parlamentares de oposi\u00e7\u00e3o ao\u00a0<strong>governo do presidente Luiz In\u00e1cio Lula da Silva<\/strong>. O deputado federal Paulo Bilynskyj (PL-SP) protocolou um pedido de convoca\u00e7\u00e3o do ministro da Educa\u00e7\u00e3o, Camilo Santana, para explicar o caso na Comiss\u00e3o de Educa\u00e7\u00e3o da C\u00e2mara.<\/p>\n<p>O evento, promovido dentro de um\u00a0<em>campus<\/em>\u00a0universit\u00e1rio, foi criticado como um show er\u00f3tico patrocinado com dinheiro p\u00fablico. A apresenta\u00e7\u00e3o foi realizada pela travesti, que se diz cantora e historiadora. Ela compartilhou a cena nas redes sociais.<\/p>\n<p>\u201cVou te ensinar gostoso dando aula na sua pic\u2026\u201d, come\u00e7ou. \u201cAqui n\u00e3o tem nota, nem recupera\u00e7\u00e3o. N\u00e3o tem sofrimento e se aprende com tes\u00e3o. De quatro, empina o c\u2026 Educando com o c\u2026\u201d<\/p>\n<h3 class=\"wp-block-heading\">Nikolas apresenta projeto contra \u201catos obscenos\u201d na educa\u00e7\u00e3o<\/h3>\n<p>Nikolas Ferreira ainda apresentou um projeto de lei que prev\u00ea pris\u00e3o para quem comete \u201catos obscenos\u201d em escolas e universidades p\u00fablicas, em resposta ao caso da UFMA.<\/p>\n<p>O projeto o deputado do PL de Minas Gerais define penas de deten\u00e7\u00e3o de dois a cinco anos, al\u00e9m de multa, para atos ou objetos obscenos. Tamb\u00e9m inclui puni\u00e7\u00e3o para quem promove, facilita ou participa de eventos obscenos nessas institui\u00e7\u00f5es.<\/p>\n<figure class=\"wp-block-embed is-type-rich is-provider-twitter wp-block-embed-twitter\">\n<div class=\"wp-block-embed__wrapper\">\n<blockquote class=\"twitter-tweet\" data-width=\"550\" data-dnt=\"true\">\n<p lang=\"pt\" dir=\"ltr\">Acabei de protocolar um projeto de lei que agrava as penas para atos obscenos praticados em escolas e universidades p\u00fablicas. Essa proposta \u00e9 uma resposta \u00e0s diversas performances e atos inaceit\u00e1veis ocorridos nas institui\u00e7\u00f5es de ensino. As institui\u00e7\u00f5es de ensino s\u00e3o ambientes\u2026 <a href=\"https:\/\/t.co\/fEJwlcfawB\">pic.twitter.com\/fEJwlcfawB<\/a><\/p>\n<p>\u2014 Nikolas Ferreira (@nikolas_dm) <a href=\"https:\/\/twitter.com\/nikolas_dm\/status\/1847386287436902548?ref_src=twsrc%5Etfw\">October 18, 2024<\/a><\/p><\/blockquote>\n<\/div>\n<\/figure>\n<p>Ao Metr\u00f3poles, o deputado afirmou que as universidades \u201cdevem ser destinados ao estudo, \u00e0 forma\u00e7\u00e3o de conhecimento e \u00e0 promo\u00e7\u00e3o de valores que respeitem a dignidade humana e a moralidade\u201d. Nesse sentido, assegurou que lutar\u00e1 \u201cpara que estes valores e princ\u00edpios sejam preservados\u201d.<\/p>\n<p>A UFMA se manifestou por meio de\u00a0<strong>nota<\/strong>: \u201cA universidade \u00e9 um espa\u00e7o plural e de di\u00e1logos, dedicado ao conhecimento, \u00e0 diversidade de ideias e ao respeito m\u00fatuo\u201d.<\/p>\n<p>\u201cPor isso, entendemos que a liberdade de express\u00e3o \u00e9 um pilar fundamental da academia\u201d, prosseguiu, em comunicado, a universidade. \u201cMas tamb\u00e9m ressaltamos a import\u00e2ncia de se manter um ambiente harm\u00f4nico e respeitoso para todos os membros da nossa comunidade.\u201d<\/p>\n<p><strong><a href=\"https:\/\/revistaoeste.com\/politica\/nikolas-aciona-pgr-por-palestra-educando-com-o-c-na-ufma\/\">Source link<\/a><\/strong><\/p>\n<\/div>\n<p><script async src=\"\/\/platform.twitter.com\/widgets.js\" charset=\"utf-8\"><\/script><br \/>\n<br \/><br \/>\n<br \/><a href=\"https:\/\/paulofigueiredoshow.com\/nikolas-ferreira-aciona-pgr-por-palestra-educando-com-o-c-na-ufma\/\">Source link <\/a><\/p>","protected":false},"excerpt":{"rendered":"<p>Deputado cobra investiga\u00e7\u00e3o sobre semin\u00e1rio er\u00f3tico da universidade O deputado federal Nikolas Ferreira (PL-MG), presidente da Comiss\u00e3o de Educa\u00e7\u00e3o da C\u00e2mara, acionou a Procuradoria-Geral da Rep\u00fablica (PGR) para investigar a&hellip;<\/p>","protected":false},"author":1,"featured_media":9364,"comment_status":"closed","ping_status":"open","sticky":false,"template":"","format":"standard","meta":{"content-type":"","footnotes":""},"categories":[16],"tags":[28222,305,336,89,28223,346,28224,28225],"class_list":["post-49617","post","type-post","status-publish","format-standard","has-post-thumbnail","hentry","category-noticias","tag-agenda-woke","tag-deputado","tag-governo","tag-lula","tag-mobiliza","tag-nikolas","tag-tertuliana-lustosa","tag-ufma"],"_links":{"self":[{"href":"https:\/\/tvbrazilusa.com\/pt\/wp-json\/wp\/v2\/posts\/49617","targetHints":{"allow":["GET"]}}],"collection":[{"href":"https:\/\/tvbrazilusa.com\/pt\/wp-json\/wp\/v2\/posts"}],"about":[{"href":"https:\/\/tvbrazilusa.com\/pt\/wp-json\/wp\/v2\/types\/post"}],"author":[{"embeddable":true,"href":"https:\/\/tvbrazilusa.com\/pt\/wp-json\/wp\/v2\/users\/1"}],"replies":[{"embeddable":true,"href":"https:\/\/tvbrazilusa.com\/pt\/wp-json\/wp\/v2\/comments?post=49617"}],"version-history":[{"count":1,"href":"https:\/\/tvbrazilusa.com\/pt\/wp-json\/wp\/v2\/posts\/49617\/revisions"}],"predecessor-version":[{"id":49618,"href":"https:\/\/tvbrazilusa.com\/pt\/wp-json\/wp\/v2\/posts\/49617\/revisions\/49618"}],"wp:featuredmedia":[{"embeddable":true,"href":"https:\/\/tvbrazilusa.com\/pt\/wp-json\/wp\/v2\/media\/9364"}],"wp:attachment":[{"href":"https:\/\/tvbrazilusa.com\/pt\/wp-json\/wp\/v2\/media?parent=49617"}],"wp:term":[{"taxonomy":"category","embeddable":true,"href":"https:\/\/tvbrazilusa.com\/pt\/wp-json\/wp\/v2\/categories?post=49617"},{"taxonomy":"post_tag","embeddable":true,"href":"https:\/\/tvbrazilusa.com\/pt\/wp-json\/wp\/v2\/tags?post=49617"}],"curies":[{"name":"wp","href":"https:\/\/api.w.org\/{rel}","templated":true}]}}