{"id":49630,"date":"2024-10-19T01:29:03","date_gmt":"2024-10-19T01:29:03","guid":{"rendered":"https:\/\/tvbrazilusa.com\/2024\/10\/19\/artigo-jornalismo-vs-o-povo-paulo-figueiredo\/"},"modified":"2024-10-19T02:17:04","modified_gmt":"2024-10-19T02:17:04","slug":"artigo-jornalismo-vs-o-povo-paulo-figueiredo","status":"publish","type":"post","link":"https:\/\/tvbrazilusa.com\/pt\/2024\/10\/19\/artigo-jornalismo-vs-o-povo-paulo-figueiredo\/","title":{"rendered":"Artigo &#8211; Jornalismo VS o povo &#8211; Paulo Figueiredo"},"content":{"rendered":"<p> <script async src=\"https:\/\/pagead2.googlesyndication.com\/pagead\/js\/adsbygoogle.js?client=ca-pub-8864793242727901\"\r\n     crossorigin=\"anonymous\"><\/script><br \/>\n<\/p>\n<div class=\"memberful-global-teaser-content\">\n<p><strong>Por Jenny Holland<\/strong><\/p>\n<h3 class=\"wp-block-heading\">Uma classe midi\u00e1tica transnacional e \u201cwoke\u201d agora domina as reda\u00e7\u00f5es no Ocidente.<\/h3>\n<p>Desde o momento em que os brit\u00e2nicos votaram pelo Brexit e os americanos elegeram Donald Trump para a Casa Branca h\u00e1 oito anos, muito se falou sobre o qu\u00e3o divididos e polarizados os p\u00fablicos ocidentais est\u00e3o.<\/p>\n<\/div>\n<p>        .memberful-global-teaser-content p:last-child{<br \/>\n            -webkit-mask-image: linear-gradient(180deg, #000 0%, transparent);<br \/>\n            mask-image: linear-gradient(180deg, #000 0%, transparent);<br \/>\n        }<\/p>\n<div class=\"memberful-global-marketing-content\"><a href=\"https:\/\/paulofigueiredoshow.com\/apoie\/\" target=\"_blank\" rel=\"noopener\"><\/a><\/div>\n<p>O post <a href=\"https:\/\/paulofigueiredoshow.com\/artigo-jornalismo-vs-o-povo\/\">Artigo \u2013 Jornalismo VS o povo<\/a> apareceu primeiro em <a href=\"https:\/\/paulofigueiredoshow.com\">Paulo Figueiredo<\/a>.<\/p>\n<p><br \/>\n<br \/><a href=\"https:\/\/paulofigueiredoshow.com\/artigo-jornalismo-vs-o-povo\/\">Source link <\/a><\/p>","protected":false},"excerpt":{"rendered":"<p>Por Jenny Holland Uma classe midi\u00e1tica transnacional e \u201cwoke\u201d agora domina as reda\u00e7\u00f5es no Ocidente. Desde o momento em que os brit\u00e2nicos votaram pelo Brexit e os americanos elegeram Donald&hellip;<\/p>","protected":false},"author":1,"featured_media":3277,"comment_status":"closed","ping_status":"open","sticky":false,"template":"","format":"standard","meta":{"content-type":"","footnotes":""},"categories":[16],"tags":[],"class_list":["post-49630","post","type-post","status-publish","format-standard","has-post-thumbnail","hentry","category-noticias"],"_links":{"self":[{"href":"https:\/\/tvbrazilusa.com\/pt\/wp-json\/wp\/v2\/posts\/49630","targetHints":{"allow":["GET"]}}],"collection":[{"href":"https:\/\/tvbrazilusa.com\/pt\/wp-json\/wp\/v2\/posts"}],"about":[{"href":"https:\/\/tvbrazilusa.com\/pt\/wp-json\/wp\/v2\/types\/post"}],"author":[{"embeddable":true,"href":"https:\/\/tvbrazilusa.com\/pt\/wp-json\/wp\/v2\/users\/1"}],"replies":[{"embeddable":true,"href":"https:\/\/tvbrazilusa.com\/pt\/wp-json\/wp\/v2\/comments?post=49630"}],"version-history":[{"count":1,"href":"https:\/\/tvbrazilusa.com\/pt\/wp-json\/wp\/v2\/posts\/49630\/revisions"}],"predecessor-version":[{"id":49631,"href":"https:\/\/tvbrazilusa.com\/pt\/wp-json\/wp\/v2\/posts\/49630\/revisions\/49631"}],"wp:featuredmedia":[{"embeddable":true,"href":"https:\/\/tvbrazilusa.com\/pt\/wp-json\/wp\/v2\/media\/3277"}],"wp:attachment":[{"href":"https:\/\/tvbrazilusa.com\/pt\/wp-json\/wp\/v2\/media?parent=49630"}],"wp:term":[{"taxonomy":"category","embeddable":true,"href":"https:\/\/tvbrazilusa.com\/pt\/wp-json\/wp\/v2\/categories?post=49630"},{"taxonomy":"post_tag","embeddable":true,"href":"https:\/\/tvbrazilusa.com\/pt\/wp-json\/wp\/v2\/tags?post=49630"}],"curies":[{"name":"wp","href":"https:\/\/api.w.org\/{rel}","templated":true}]}}