{"id":49653,"date":"2024-10-19T03:26:52","date_gmt":"2024-10-19T03:26:52","guid":{"rendered":"https:\/\/tvbrazilusa.com\/2024\/10\/19\/putin-diz-que-nao-vira-ao-brasil-para-cupula-do-g20\/"},"modified":"2024-10-19T03:26:53","modified_gmt":"2024-10-19T03:26:53","slug":"putin-diz-que-nao-vira-ao-brasil-para-cupula-do-g20","status":"publish","type":"post","link":"https:\/\/tvbrazilusa.com\/pt\/2024\/10\/19\/putin-diz-que-nao-vira-ao-brasil-para-cupula-do-g20\/","title":{"rendered":"Putin diz que n\u00e3o vir\u00e1 ao Brasil para C\u00fapula do G20"},"content":{"rendered":"<p> <script async src=\"https:\/\/pagead2.googlesyndication.com\/pagead\/js\/adsbygoogle.js?client=ca-pub-8864793242727901\"\r\n     crossorigin=\"anonymous\"><\/script><br \/>\n<\/p>\n<div id=\"taboola-read-more\" style=\"display:block; width:100%\">\n<p>O presidente russo Vladimir Putin, que est\u00e1 sob ordem de pris\u00e3o do Tribunal Penal Internacional (TPI), afirmou nesta sexta-feira (18) que n\u00e3o vir\u00e1 ao Brasil para participar da C\u00fapula do G20 para n\u00e3o \u201cperturbar\u201d a reuni\u00e3o, que est\u00e1 marcada para os dias 18 e 19 de novembro, no Rio de Janeiro.\n<\/p>\n<p>\u2013 Entendemos perfeitamente que, incluindo ou excluindo o fator TPI, toda a discuss\u00e3o ser\u00e1 apenas sobre isso. E isso perturbaria o trabalho do G20. Para qu\u00ea? Somos adultos! \u2013 declarou Putin durante um encontro com jornalistas estrangeiros.<\/p>\n<p>Em mar\u00e7o de 2023, o TPI emitiu um mandado de pris\u00e3o contra Putin por supostamente deportar crian\u00e7as ilegalmente desde que as for\u00e7as de seu pa\u00eds come\u00e7aram a ofensiva na Ucr\u00e2nia em 2022. Os pa\u00edses-membros do TPI, como o Brasil, s\u00e3o teoricamente obrigados a prend\u00ea-lo se ele entrar em seus territ\u00f3rios.\n<\/p>\n<p>No entanto, no in\u00edcio de setembro, Putin foi recebido na Mong\u00f3lia, tamb\u00e9m membro do TPI, sem ser preso. O tribunal com sede em Haia lembrou que seus pa\u00edses-membros t\u00eam a \u201cobriga\u00e7\u00e3o\u201d de prender pessoas sujeitas a um mandado de pris\u00e3o. Na pr\u00e1tica, entretanto, o TPI n\u00e3o tem for\u00e7a coercitiva pr\u00f3pria.\n<\/p>\n<p>Nesta semana, o procurador-geral da Ucr\u00e2nia, Andriy Kostin, pediu \u00e0s autoridades brasileiras que cumprissem o mandado internacional de pris\u00e3o caso Putin viesse ao Pa\u00eds. No ano passado, o presidente Luiz In\u00e1cio Lula da Silva chegou a afirmar que Putin poderia se sentir tranquilo em participar do encontro, pois n\u00e3o seria preso no Pa\u00eds.\n<\/p>\n<p>\u2013 O que eu posso dizer \u00e9 que, se eu sou o presidente do Brasil e se ele for para o Brasil, n\u00e3o h\u00e1 por que ele ser preso \u2013 afirmou Lula em entrevista ao canal indiano Firstpost em Nova D\u00e9lhi, em outubro de 2023.\n<\/p>\n<p>O Kremlin, que n\u00e3o reconhece o TPI, sempre rejeitou com firmeza as acusa\u00e7\u00f5es do tribunal contra o presidente russo.\n<\/p>\n<p>Fonte: Pleno News <\/p>\n<\/div>\n<p><br \/>\n<br \/><a href=\"https:\/\/diariodobrasilnoticias.com.br\/noticia\/putin-diz-que-nao-vira-ao-brasil-para-cupula-do-g20-6712e3621f233\">Source link <\/a><\/p>","protected":false},"excerpt":{"rendered":"<p>O presidente russo Vladimir Putin, que est\u00e1 sob ordem de pris\u00e3o do Tribunal Penal Internacional (TPI), afirmou nesta sexta-feira (18) que n\u00e3o vir\u00e1 ao Brasil para participar da C\u00fapula do&hellip;<\/p>","protected":false},"author":1,"featured_media":49654,"comment_status":"closed","ping_status":"open","sticky":false,"template":"","format":"standard","meta":{"content-type":"","footnotes":""},"categories":[16],"tags":[123,2448,5313,1267],"class_list":["post-49653","post","type-post","status-publish","format-standard","has-post-thumbnail","hentry","category-noticias","tag-brasil","tag-diario","tag-noticia","tag-noticias"],"_links":{"self":[{"href":"https:\/\/tvbrazilusa.com\/pt\/wp-json\/wp\/v2\/posts\/49653","targetHints":{"allow":["GET"]}}],"collection":[{"href":"https:\/\/tvbrazilusa.com\/pt\/wp-json\/wp\/v2\/posts"}],"about":[{"href":"https:\/\/tvbrazilusa.com\/pt\/wp-json\/wp\/v2\/types\/post"}],"author":[{"embeddable":true,"href":"https:\/\/tvbrazilusa.com\/pt\/wp-json\/wp\/v2\/users\/1"}],"replies":[{"embeddable":true,"href":"https:\/\/tvbrazilusa.com\/pt\/wp-json\/wp\/v2\/comments?post=49653"}],"version-history":[{"count":1,"href":"https:\/\/tvbrazilusa.com\/pt\/wp-json\/wp\/v2\/posts\/49653\/revisions"}],"predecessor-version":[{"id":49655,"href":"https:\/\/tvbrazilusa.com\/pt\/wp-json\/wp\/v2\/posts\/49653\/revisions\/49655"}],"wp:featuredmedia":[{"embeddable":true,"href":"https:\/\/tvbrazilusa.com\/pt\/wp-json\/wp\/v2\/media\/49654"}],"wp:attachment":[{"href":"https:\/\/tvbrazilusa.com\/pt\/wp-json\/wp\/v2\/media?parent=49653"}],"wp:term":[{"taxonomy":"category","embeddable":true,"href":"https:\/\/tvbrazilusa.com\/pt\/wp-json\/wp\/v2\/categories?post=49653"},{"taxonomy":"post_tag","embeddable":true,"href":"https:\/\/tvbrazilusa.com\/pt\/wp-json\/wp\/v2\/tags?post=49653"}],"curies":[{"name":"wp","href":"https:\/\/api.w.org\/{rel}","templated":true}]}}