{"id":49666,"date":"2024-10-19T03:54:11","date_gmt":"2024-10-19T03:54:11","guid":{"rendered":"https:\/\/tvbrazilusa.com\/2024\/10\/19\/a-justica-confirma-a-reducao-dos-salarios-dos-grevistas-na-ebc\/"},"modified":"2024-10-19T03:54:12","modified_gmt":"2024-10-19T03:54:12","slug":"a-justica-confirma-a-reducao-dos-salarios-dos-grevistas-na-ebc","status":"publish","type":"post","link":"https:\/\/tvbrazilusa.com\/pt\/2024\/10\/19\/a-justica-confirma-a-reducao-dos-salarios-dos-grevistas-na-ebc\/","title":{"rendered":"A Justi\u00e7a confirma a redu\u00e7\u00e3o dos sal\u00e1rios dos grevistas na EBC"},"content":{"rendered":"<p> <script async src=\"https:\/\/pagead2.googlesyndication.com\/pagead\/js\/adsbygoogle.js?client=ca-pub-8864793242727901\"\r\n     crossorigin=\"anonymous\"><\/script><br \/>\n<\/p>\n<div>\n<figure class=\"post-image\">\n<\/figure>\n<p><span style=\"font-size: 12px\">Rafa Neddermeyer\/Ag\u00eancia Brasil<\/span><\/p>\n<div id=\"taboola-read-more\" style=\"display:block; width:100%\">\n<p>A Justi\u00e7a do Trabalho negou nesta sexta-feira (18\/10) um pedido para derrubar o corte de sal\u00e1rios de servidores grevistas na Empresa Brasil de Comunica\u00e7\u00e3o (EBC). Em mobiliza\u00e7\u00e3o de greve desde o m\u00eas passado, os funcion\u00e1rios alegam que a estatal pretende diminuir sal\u00e1rios com o novo plano de carreiras.\n<\/p>\n<p>A a\u00e7\u00e3o foi movida pelo Sindicato dos Jornalistas Profissionais do DF. A ju\u00edza Thais Bernardes marcou uma audi\u00eancia para 11 de dezembro entre a entidade e a EBC. Com a decis\u00e3o, os funcion\u00e1rios grevistas seguir\u00e3o com os sal\u00e1rios descontados.<\/p>\n<p>Segundo os servidores, o novo plano de carreiras da EBC pretende reduzir em 12% a remunera\u00e7\u00e3o dos funcion\u00e1rios, al\u00e9m de burlar regras trabalhistas. A EBC negou e alegou que o plano busca \u201cfortalecer a comunica\u00e7\u00e3o p\u00fablica\u201d e oferecer um aumento de 50% no piso salarial a metade de seus funcion\u00e1rios.\n<\/p>\n<p>(Atualiza\u00e7\u00e3o \u00e0s 19h14 de 18 de outubro de 2024: Em nota, o Sindicato de Jornalistas do DF afirmou que vai recorrer da decis\u00e3o judicial. \u201cO sindicato considera contradit\u00f3rio, em um governo do presidente Luiz In\u00e1cio Lula da Silva, ex-metal\u00fargico e ex-dirigente sindical, que a dire\u00e7\u00e3o da empresa p\u00fablica persiga jornalistas que lutam por seus direitos. A assessoria jur\u00eddica da entidade ainda n\u00e3o foi notificada da decis\u00e3o, mas recorrer\u00e1 prontamente na Justi\u00e7a\u201d.)\n<\/p>\n<p>Fonte: Metr\u00f3poles <\/p>\n<\/div>\n<div class=\"row mt-3\">\n<div class=\"col-sm-6\">\n<p><a href=\"https:\/\/chat.whatsapp.com\/J6hwSKYns5B0XFowx2wZ0P\" target=\"_blank\" rel=\"noopener\"><br \/>\n<img decoding=\"async\" src=\"https:\/\/diariodobrasilnoticias.com.br\/assets-site\/images\/bot_whatsapp.png\"\/><\/a>\n<\/div>\n<div class=\"col-sm-6\">\n<a href=\"https:\/\/t.me\/+_4gTmi5LKo03OTM5\" target=\"_blank\" rel=\"noopener\"><br \/>\n<img decoding=\"async\" src=\"https:\/\/diariodobrasilnoticias.com.br\/assets-site\/images\/bot_telegram.png\"\/><\/a>\n<\/div>\n<\/div>\n<\/div>\n<p><br \/>\n<br \/><a href=\"https:\/\/diariodobrasilnoticias.com.br\/noticia\/a-justica-confirma-a-reducao-dos-salarios-dos-grevistas-na-ebc-6712e4a33e7e1\">Source link <\/a><\/p>","protected":false},"excerpt":{"rendered":"<p>Rafa Neddermeyer\/Ag\u00eancia Brasil A Justi\u00e7a do Trabalho negou nesta sexta-feira (18\/10) um pedido para derrubar o corte de sal\u00e1rios de servidores grevistas na Empresa Brasil de Comunica\u00e7\u00e3o (EBC). Em mobiliza\u00e7\u00e3o&hellip;<\/p>","protected":false},"author":1,"featured_media":49667,"comment_status":"closed","ping_status":"open","sticky":false,"template":"","format":"standard","meta":{"content-type":"","footnotes":""},"categories":[16],"tags":[123,2448,5313,1267],"class_list":["post-49666","post","type-post","status-publish","format-standard","has-post-thumbnail","hentry","category-noticias","tag-brasil","tag-diario","tag-noticia","tag-noticias"],"_links":{"self":[{"href":"https:\/\/tvbrazilusa.com\/pt\/wp-json\/wp\/v2\/posts\/49666","targetHints":{"allow":["GET"]}}],"collection":[{"href":"https:\/\/tvbrazilusa.com\/pt\/wp-json\/wp\/v2\/posts"}],"about":[{"href":"https:\/\/tvbrazilusa.com\/pt\/wp-json\/wp\/v2\/types\/post"}],"author":[{"embeddable":true,"href":"https:\/\/tvbrazilusa.com\/pt\/wp-json\/wp\/v2\/users\/1"}],"replies":[{"embeddable":true,"href":"https:\/\/tvbrazilusa.com\/pt\/wp-json\/wp\/v2\/comments?post=49666"}],"version-history":[{"count":1,"href":"https:\/\/tvbrazilusa.com\/pt\/wp-json\/wp\/v2\/posts\/49666\/revisions"}],"predecessor-version":[{"id":49668,"href":"https:\/\/tvbrazilusa.com\/pt\/wp-json\/wp\/v2\/posts\/49666\/revisions\/49668"}],"wp:featuredmedia":[{"embeddable":true,"href":"https:\/\/tvbrazilusa.com\/pt\/wp-json\/wp\/v2\/media\/49667"}],"wp:attachment":[{"href":"https:\/\/tvbrazilusa.com\/pt\/wp-json\/wp\/v2\/media?parent=49666"}],"wp:term":[{"taxonomy":"category","embeddable":true,"href":"https:\/\/tvbrazilusa.com\/pt\/wp-json\/wp\/v2\/categories?post=49666"},{"taxonomy":"post_tag","embeddable":true,"href":"https:\/\/tvbrazilusa.com\/pt\/wp-json\/wp\/v2\/tags?post=49666"}],"curies":[{"name":"wp","href":"https:\/\/api.w.org\/{rel}","templated":true}]}}