{"id":49671,"date":"2024-10-19T04:06:59","date_gmt":"2024-10-19T04:06:59","guid":{"rendered":"https:\/\/tvbrazilusa.com\/2024\/10\/19\/centrais-sindicais-reprovam-o-governo-lula-por-alterar-as-regras-do-seguro-desemprego\/"},"modified":"2024-10-19T04:07:00","modified_gmt":"2024-10-19T04:07:00","slug":"centrais-sindicais-reprovam-o-governo-lula-por-alterar-as-regras-do-seguro-desemprego","status":"publish","type":"post","link":"https:\/\/tvbrazilusa.com\/pt\/2024\/10\/19\/centrais-sindicais-reprovam-o-governo-lula-por-alterar-as-regras-do-seguro-desemprego\/","title":{"rendered":"Centrais sindicais reprovam o governo Lula por alterar as regras do seguro-desemprego"},"content":{"rendered":"<p> <script async src=\"https:\/\/pagead2.googlesyndication.com\/pagead\/js\/adsbygoogle.js?client=ca-pub-8864793242727901\"\r\n     crossorigin=\"anonymous\"><\/script><br \/>\n<\/p>\n<div id=\"taboola-read-more\" style=\"display:block; width:100%\">\n<p>O presidente da For\u00e7a Sindical, Miguel Torres, criticou o governo do presidente Luiz In\u00e1cio Lula da Silva (PT) pela possibilidade de mudar as regras do seguro-desemprego na demiss\u00e3o sem justa causa dos trabalhadores, estudada pela equipe econ\u00f4mica dentro do pacote de ajuste fiscal que deve ser enviado ao Congresso ap\u00f3s o segundo turno das elei\u00e7\u00f5es municipais.\n<\/p>\n<p>Torres disparou diretamente contra o ministro Fernando Haddad, da Fazenda, afirmando que ele tem uma batata-quente nas m\u00e3os, mas que o povo com fome pode ficar sem o seguro-desemprego.<\/p>\n<p>\u201cTem batatas quentes as m\u00e3os, mas o povo est\u00e1 com a barriga vazia, fria e pode ficar sem seguro-desemprego\u201d, disse em entrevista \u00e0 Folha de S. Paulo publicada na quinta (17).\n<\/p>\n<p>Miguel Torres criticou a possibilidade de se escalonar o n\u00famero de parcelas do seguro-desemprego de acordo com o tamanho da multa indenizat\u00f3ria de 40% sobre o saldo do FGTS. Ele emendou dizendo que uma medida semelhante j\u00e1 foi proposta em 2014, e que levou a \u201cuma situa\u00e7\u00e3o de recess\u00e3o e desemprego\u201d.\n<\/p>\n<p>\u201cJ\u00e1 vimos este filme e o final n\u00e3o foi nada bom. Em 2014, a equipe econ\u00f4mica do governo Dilma [Rousseff] prop\u00f4s uma s\u00e9rie de ajustes na economia, que conduziram o Brasil a uma situa\u00e7\u00e3o de recess\u00e3o e desemprego. O governo perdeu sua base social, viu corroer sua popularidade e abriu espa\u00e7o para essa agenda ser radicalizada nos governos de [Michel] Temer e [Jair] Bolsonaro\u201d, completou em uma nota conjunta com outras quatro centrais sindicais brasileiras.\n<\/p>\n<p>Al\u00e9m da For\u00e7a Sindical, tamb\u00e9m assinaram a nota contra o governo a UGT (Uni\u00e3o Geral dos Trabalhadores), a CTB (Central dos Trabalhadores e Trabalhadoras do Brasil), a NCST (Nova Central Sindical de Trabalhadores) e a CSB (Central dos Sindicatos Brasileiros).\n<\/p>\n<p>Por outro lado, a CUT (Central \u00danica dos Trabalhadores), aliada hist\u00f3rica de Lula, n\u00e3o assinou o documento.\n<\/p>\n<p>As centrais afirmam que n\u00e3o foram chamadas para opinar sobre a proposta e que soube da possibilidade de mudan\u00e7a da regra atrav\u00e9s da imprensa \u2013 \u201cmais esta amea\u00e7a de retirada de direito\u201d.\n<\/p>\n<p>\u201cTais propostas dos minist\u00e9rios de Fernando Haddad e Simone Tebet (Planejamento e Or\u00e7amento), assentam-se na fal\u00e1cia neoliberal que privilegia o mercado financeiro em detrimento do desenvolvimento social e inclusivo. \u00c9 uma vis\u00e3o que considera \u201cgasto\u201d investimentos importantes para o povo brasileiro\u201d, pontuaram.\n<\/p>\n<p>No ano passado, os gastos com o seguro desemprego chegaram a R$ 47,8 bilh\u00f5es, uma alta de 18% em rela\u00e7\u00e3o aos R$ 40,7 bilh\u00f5es pagos em 2022. O aumento s\u00f3 n\u00e3o foi maior que o registrado em 2014, na gest\u00e3o Dilma, quando subiu 21% em rela\u00e7\u00e3o a 2013, passando de R$ 30,7 bilh\u00f5es para R$ 37,1 bilh\u00f5es de um ano para o outro.\n<\/p>\n<p>Entre 2009, in\u00edcio da atual s\u00e9rie hist\u00f3rica do Tesouro, o seguro-desemprego consumiu R$ 19,6 bilh\u00f5es (em valores correntes). Ou seja, em 15 anos, o aumento foi de 144%. Em compara\u00e7\u00e3o ao tamanho da economia brasileira, por\u00e9m, o montante destinado ao pagamento do benef\u00edcio diminuiu: equivalia a 0,6% do PIB em 2009 e desde 2021 est\u00e1 em 0,4% do PIB.\n<\/p>\n<p>Para este ano, est\u00e3o previstos R$ 50,5 bilh\u00f5es para o seguro-desemprego e, para 2025, R$ 56,8 bilh\u00f5es, conforme divulgado no &#8220;Raio X do Or\u00e7amento&#8221; produzido por t\u00e9cnicos da C\u00e2mara dos Deputados. Ou seja, a perspectiva \u00e9 de crescimento de 5,4% em 2024, na compara\u00e7\u00e3o com 2023, e de 12,5% no pr\u00f3ximo ano, em rela\u00e7\u00e3o ao atual.\n<\/p>\n<p>Como o benef\u00edcio \u00e9 vinculado ao valor do sal\u00e1rio m\u00ednimo, a retomada da pol\u00edtica de aumento real do piso salarial, determinada por Lula assim que assumiu o cargo, tem forte impacto sobre os desembolsos do seguro-desemprego.\n<\/p>\n<p>Fonte: Gazeta do Povo <\/p>\n<\/div>\n<p><br \/>\n<br \/><a href=\"https:\/\/diariodobrasilnoticias.com.br\/noticia\/centrais-sindicais-reprovam-o-governo-lula-por-alterar-as-regras-do-seguro-desemprego-6712e56eb67ba\">Source link <\/a><\/p>","protected":false},"excerpt":{"rendered":"<p>O presidente da For\u00e7a Sindical, Miguel Torres, criticou o governo do presidente Luiz In\u00e1cio Lula da Silva (PT) pela possibilidade de mudar as regras do seguro-desemprego na demiss\u00e3o sem justa&hellip;<\/p>","protected":false},"author":1,"featured_media":49672,"comment_status":"closed","ping_status":"open","sticky":false,"template":"","format":"standard","meta":{"content-type":"","footnotes":""},"categories":[16],"tags":[123,2448,5313,1267],"class_list":["post-49671","post","type-post","status-publish","format-standard","has-post-thumbnail","hentry","category-noticias","tag-brasil","tag-diario","tag-noticia","tag-noticias"],"_links":{"self":[{"href":"https:\/\/tvbrazilusa.com\/pt\/wp-json\/wp\/v2\/posts\/49671","targetHints":{"allow":["GET"]}}],"collection":[{"href":"https:\/\/tvbrazilusa.com\/pt\/wp-json\/wp\/v2\/posts"}],"about":[{"href":"https:\/\/tvbrazilusa.com\/pt\/wp-json\/wp\/v2\/types\/post"}],"author":[{"embeddable":true,"href":"https:\/\/tvbrazilusa.com\/pt\/wp-json\/wp\/v2\/users\/1"}],"replies":[{"embeddable":true,"href":"https:\/\/tvbrazilusa.com\/pt\/wp-json\/wp\/v2\/comments?post=49671"}],"version-history":[{"count":1,"href":"https:\/\/tvbrazilusa.com\/pt\/wp-json\/wp\/v2\/posts\/49671\/revisions"}],"predecessor-version":[{"id":49673,"href":"https:\/\/tvbrazilusa.com\/pt\/wp-json\/wp\/v2\/posts\/49671\/revisions\/49673"}],"wp:featuredmedia":[{"embeddable":true,"href":"https:\/\/tvbrazilusa.com\/pt\/wp-json\/wp\/v2\/media\/49672"}],"wp:attachment":[{"href":"https:\/\/tvbrazilusa.com\/pt\/wp-json\/wp\/v2\/media?parent=49671"}],"wp:term":[{"taxonomy":"category","embeddable":true,"href":"https:\/\/tvbrazilusa.com\/pt\/wp-json\/wp\/v2\/categories?post=49671"},{"taxonomy":"post_tag","embeddable":true,"href":"https:\/\/tvbrazilusa.com\/pt\/wp-json\/wp\/v2\/tags?post=49671"}],"curies":[{"name":"wp","href":"https:\/\/api.w.org\/{rel}","templated":true}]}}