{"id":49720,"date":"2024-10-19T10:05:27","date_gmt":"2024-10-19T10:05:27","guid":{"rendered":"https:\/\/tvbrazilusa.com\/2024\/10\/19\/pl-expulsa-deputado-que-apoiou-candidato-do-pt-a-prefeitura-de-fortaleza\/"},"modified":"2024-10-19T10:05:28","modified_gmt":"2024-10-19T10:05:28","slug":"pl-expulsa-deputado-que-apoiou-candidato-do-pt-a-prefeitura-de-fortaleza","status":"publish","type":"post","link":"https:\/\/tvbrazilusa.com\/pt\/2024\/10\/19\/pl-expulsa-deputado-que-apoiou-candidato-do-pt-a-prefeitura-de-fortaleza\/","title":{"rendered":"PL expulsa deputado que apoiou candidato do PT \u00e0 prefeitura de Fortaleza"},"content":{"rendered":"<p> <script async src=\"https:\/\/pagead2.googlesyndication.com\/pagead\/js\/adsbygoogle.js?client=ca-pub-8864793242727901\"\r\n     crossorigin=\"anonymous\"><\/script><br \/>\n<\/p>\n<div id=\"taboola-read-more\" style=\"display:block; width:100%\">\n<p>O Partido Liberal expulsou o deputado federal J\u00fanior Mano (CE) ap\u00f3s ele ter participado da campanha de Evandro Leit\u00e3o (PT) \u00e0 Prefeitura de Fortaleza. Leit\u00e3o concorre com Andr\u00e9 Fernandes (PL), correligion\u00e1rio de J\u00fanior Mano.\n<\/p>\n<p>Segundo a \u00faltima pesquisa Quaest, Leit\u00e3o e Fernandes t\u00eam 43% das inten\u00e7\u00f5es de voto.<\/p>\n<p>J\u00fanior Mano participou na quinta-feira (17) de um evento de campanha de Leit\u00e3o, com a presen\u00e7a do pr\u00f3prio candidato, al\u00e9m do governador Elmano de Freitas e o ministro da Educa\u00e7\u00e3o, Camilo Santana (ambos do PT).\n<\/p>\n<p>Bolsonaro soube da situa\u00e7\u00e3o na capital cearense e pediu ao presidente nacional do PL, Valdemar Costa Neto, para expulsar o deputado.\n<\/p>\n<p>J\u00fanior Mano foi o segundo deputado federal mais votado em 2022, com 216 mil votos, atr\u00e1s apenas do pr\u00f3prio Andr\u00e9 Fernandes, que teve 229 mil votos.\n<\/p>\n<p>O deputado ajudou a organizar o ato de apoio a Leit\u00e3o, reunindo, segundo o pr\u00f3prio J\u00fanior Mano, 41 prefeitos cearenses para pedir votos ao candidato petista.\n<\/p>\n<p>Fonte: g1 <\/p>\n<\/div>\n<p><br \/>\n<br \/><a href=\"https:\/\/diariodobrasilnoticias.com.br\/noticia\/pl-expulsa-deputado-que-apoiou-candidato-do-pt-a-prefeitura-de-fortaleza-6713809c7ae2b\">Source link <\/a><\/p>","protected":false},"excerpt":{"rendered":"<p>O Partido Liberal expulsou o deputado federal J\u00fanior Mano (CE) ap\u00f3s ele ter participado da campanha de Evandro Leit\u00e3o (PT) \u00e0 Prefeitura de Fortaleza. Leit\u00e3o concorre com Andr\u00e9 Fernandes (PL),&hellip;<\/p>","protected":false},"author":1,"featured_media":49721,"comment_status":"closed","ping_status":"open","sticky":false,"template":"","format":"standard","meta":{"content-type":"","footnotes":""},"categories":[16],"tags":[123,2448,5313,1267],"class_list":["post-49720","post","type-post","status-publish","format-standard","has-post-thumbnail","hentry","category-noticias","tag-brasil","tag-diario","tag-noticia","tag-noticias"],"_links":{"self":[{"href":"https:\/\/tvbrazilusa.com\/pt\/wp-json\/wp\/v2\/posts\/49720","targetHints":{"allow":["GET"]}}],"collection":[{"href":"https:\/\/tvbrazilusa.com\/pt\/wp-json\/wp\/v2\/posts"}],"about":[{"href":"https:\/\/tvbrazilusa.com\/pt\/wp-json\/wp\/v2\/types\/post"}],"author":[{"embeddable":true,"href":"https:\/\/tvbrazilusa.com\/pt\/wp-json\/wp\/v2\/users\/1"}],"replies":[{"embeddable":true,"href":"https:\/\/tvbrazilusa.com\/pt\/wp-json\/wp\/v2\/comments?post=49720"}],"version-history":[{"count":1,"href":"https:\/\/tvbrazilusa.com\/pt\/wp-json\/wp\/v2\/posts\/49720\/revisions"}],"predecessor-version":[{"id":49722,"href":"https:\/\/tvbrazilusa.com\/pt\/wp-json\/wp\/v2\/posts\/49720\/revisions\/49722"}],"wp:featuredmedia":[{"embeddable":true,"href":"https:\/\/tvbrazilusa.com\/pt\/wp-json\/wp\/v2\/media\/49721"}],"wp:attachment":[{"href":"https:\/\/tvbrazilusa.com\/pt\/wp-json\/wp\/v2\/media?parent=49720"}],"wp:term":[{"taxonomy":"category","embeddable":true,"href":"https:\/\/tvbrazilusa.com\/pt\/wp-json\/wp\/v2\/categories?post=49720"},{"taxonomy":"post_tag","embeddable":true,"href":"https:\/\/tvbrazilusa.com\/pt\/wp-json\/wp\/v2\/tags?post=49720"}],"curies":[{"name":"wp","href":"https:\/\/api.w.org\/{rel}","templated":true}]}}