{"id":49786,"date":"2024-10-19T14:14:14","date_gmt":"2024-10-19T14:14:14","guid":{"rendered":"https:\/\/tvbrazilusa.com\/2024\/10\/19\/bolsonaro-heleno-braga-netto-e-ex-chefe-da-marinha-serao-indiciados-pela-policia-federal-no-inquerito-sobre-o-golpe\/"},"modified":"2024-10-19T14:14:15","modified_gmt":"2024-10-19T14:14:15","slug":"bolsonaro-heleno-braga-netto-e-ex-chefe-da-marinha-serao-indiciados-pela-policia-federal-no-inquerito-sobre-o-golpe","status":"publish","type":"post","link":"https:\/\/tvbrazilusa.com\/pt\/2024\/10\/19\/bolsonaro-heleno-braga-netto-e-ex-chefe-da-marinha-serao-indiciados-pela-policia-federal-no-inquerito-sobre-o-golpe\/","title":{"rendered":"Bolsonaro, Heleno, Braga Netto e ex-chefe da Marinha ser\u00e3o indiciados pela Pol\u00edcia Federal no inqu\u00e9rito sobre o golpe"},"content":{"rendered":"<p> <script async src=\"https:\/\/pagead2.googlesyndication.com\/pagead\/js\/adsbygoogle.js?client=ca-pub-8864793242727901\"\r\n     crossorigin=\"anonymous\"><\/script><br \/>\n<\/p>\n<div id=\"taboola-read-more\" style=\"display:block; width:100%\">\n<p>Novembro vai ter um gosto amargo para Jair Bolsonaro e alguns de seus ex-ministros: a Pol\u00edcia Federal vai indiciar, em meados do m\u00eas, o ex-presidente; os ex-ministros e generais Augusto Heleno e Walter Braga Netto; o ex-comandante da Marinha e almirante Almir Garnier Santos; o ex-ministro Anderson Torres; e o ex-ministro Paulo S\u00e9rgio Nogueira, entre outros. Os seis ser\u00e3o indiciados no inqu\u00e9rito que apura a tentativa de golpe de Estado, ap\u00f3s a derrota para Lula, em 2022.\n<\/p>\n<p>A Pol\u00edcia Federal tem elementos que mostram a participa\u00e7\u00e3o dos cinco na trama golpista colocada em pr\u00e1tica ao longo de 2022, e, em especial, ap\u00f3s o resultado do segundo turno da elei\u00e7\u00e3o daquele ano.<\/p>\n<p>Mensagens encontradas recentemente pela PF ligam Bolsonaro \u00e0 minuta golpista que implementava instrumentos jur\u00eddicos que permitiram contestar o resultado das elei\u00e7\u00f5es, \u00e0 margem da Constitui\u00e7\u00e3o. No texto, encontrado posteriormente com o ex-ajudante de ordens de Bolsonaro Mauro Cid, constava o decreto de Estado de S\u00edtio e de uma Opera\u00e7\u00e3o de Garantia da Lei e da Ordem.\n<\/p>\n<p>A situa\u00e7\u00e3o de Bolsonaro tamb\u00e9m foi agravada pela confirma\u00e7\u00e3o dos ex-comandantes do Ex\u00e9rcito, general Marco Antonio Freire Gomes, e da For\u00e7a A\u00e9rea Brasileira (FAB), tenente-brigadeiro do ar Carlos Baptista J\u00fanior, de que Bolsonaro os pressionou a aderir a um golpe de Estado para se manter no poder.\n<\/p>\n<p>O ex-comandante da Marinha Almir Garnier foi o \u00fanico dos tr\u00eas chefes militares a, segundo a investiga\u00e7\u00e3o da PF, colocar suas tropas \u00e0 disposi\u00e7\u00e3o para uma intentona golpista. O ex-ministro da Defesa, Paulo S\u00e9rgio Nogueira, \u00e9 listado como pertencente ao n\u00facleo de oficiais de alta patente que teriam se valido do cargo \u201cpara influenciar e incitar o apoio aos demais n\u00facleos de atua\u00e7\u00e3o, por meio do endosso de a\u00e7\u00f5es e medidas a serem adotadas, para a consuma\u00e7\u00e3o do golpe de Estado\u201d.\n<\/p>\n<p>J\u00e1 Anderson Torres, fora a omiss\u00e3o no 8 de Janeiro \u2014 quando ele, mesmo sendo secret\u00e1rio de Seguran\u00e7a e sabendo do risco de invas\u00e3o das sedes dos Tr\u00eas Poderes, decidiu tirar f\u00e9rias e deixar Bras\u00edlia \u2014, ser\u00e1 indiciado por ter servido, nas palavras dos ex-comandantes militares, como \u201ctradutor jur\u00eddico\u201d da minuta golpista.\n<\/p>\n<p><strong>Augusto Heleno e Braga Netto<\/strong>\n<\/p>\n<p>Contra o ex-ministro do Gabinete de Seguran\u00e7a Institucional Augusto Heleno, uma das principais provas encontradas pela Pol\u00edcia Federal foram anota\u00e7\u00f5es de teor golpista em uma agenda apreendida em sua casa. O compilado reunia medidas que poderiam ser adotadas pelo governo Bolsonaro, por exemplo, para frear a Pol\u00edcia Federal e o Supremo, prevendo at\u00e9 a pris\u00e3o de delegados que se dispusessem a cumprir ordens judiciais consideradas ilegais pelo governo.\n<\/p>\n<p>A Pol\u00edcia Federal encontrou provas documentais e colheu depoimentos confirmando que o ex-ministro da Defesa e candidato derrotado \u00e0 Vice-Presid\u00eancia, Walter Braga Netto, tentou pressionar o ex-comandante do Ex\u00e9rcito Freire Gomes a aderir ao golpe de Estado. Numa das mensagens, ele chama o general de \u201ccag\u00e3o\u201d por n\u00e3o ser golpista.\n<\/p>\n<p>A PF tamb\u00e9m encontrou no celular de Braga Netto mensagens trocadas em dezembro de 2022 entre ele e Ailton Gon\u00e7alves Moraes Barros, amigo de Bolsonaro, com orienta\u00e7\u00f5es para que o ex-comandante da Aeron\u00e1utica Baptista J\u00fanior fosse atacado, pela mesma raz\u00e3o.\n<\/p>\n<p>Diante da resist\u00eancia de Baptista J\u00fanior em aderir aos planos golpistas, Braga Netto o classificou como \u201ctraidor da p\u00e1tria\u201d, enquanto fazia elogios a Garnier, comandante da Marinha, em concord\u00e2ncia com o golpismo bolsonarista.\n<\/p>\n<p>Todos os seis negam que tenham participado de qualquer plano ilegal ou golpista.\n<\/p>\n<p>Fonte: Metr\u00f3poles <\/p>\n<\/div>\n<p><br \/>\n<br \/><a href=\"https:\/\/diariodobrasilnoticias.com.br\/noticia\/bolsonaro-heleno-braga-netto-e-ex-chefe-da-marinha-serao-indiciados-pela-policia-federal-no-inquerito-sobre-o-golpe-6713a63f85624\">Source link <\/a><\/p>","protected":false},"excerpt":{"rendered":"<p>Novembro vai ter um gosto amargo para Jair Bolsonaro e alguns de seus ex-ministros: a Pol\u00edcia Federal vai indiciar, em meados do m\u00eas, o ex-presidente; os ex-ministros e generais Augusto&hellip;<\/p>","protected":false},"author":1,"featured_media":49787,"comment_status":"closed","ping_status":"open","sticky":false,"template":"","format":"standard","meta":{"content-type":"","footnotes":""},"categories":[16],"tags":[123,2448,5313,1267],"class_list":["post-49786","post","type-post","status-publish","format-standard","has-post-thumbnail","hentry","category-noticias","tag-brasil","tag-diario","tag-noticia","tag-noticias"],"_links":{"self":[{"href":"https:\/\/tvbrazilusa.com\/pt\/wp-json\/wp\/v2\/posts\/49786","targetHints":{"allow":["GET"]}}],"collection":[{"href":"https:\/\/tvbrazilusa.com\/pt\/wp-json\/wp\/v2\/posts"}],"about":[{"href":"https:\/\/tvbrazilusa.com\/pt\/wp-json\/wp\/v2\/types\/post"}],"author":[{"embeddable":true,"href":"https:\/\/tvbrazilusa.com\/pt\/wp-json\/wp\/v2\/users\/1"}],"replies":[{"embeddable":true,"href":"https:\/\/tvbrazilusa.com\/pt\/wp-json\/wp\/v2\/comments?post=49786"}],"version-history":[{"count":1,"href":"https:\/\/tvbrazilusa.com\/pt\/wp-json\/wp\/v2\/posts\/49786\/revisions"}],"predecessor-version":[{"id":49788,"href":"https:\/\/tvbrazilusa.com\/pt\/wp-json\/wp\/v2\/posts\/49786\/revisions\/49788"}],"wp:featuredmedia":[{"embeddable":true,"href":"https:\/\/tvbrazilusa.com\/pt\/wp-json\/wp\/v2\/media\/49787"}],"wp:attachment":[{"href":"https:\/\/tvbrazilusa.com\/pt\/wp-json\/wp\/v2\/media?parent=49786"}],"wp:term":[{"taxonomy":"category","embeddable":true,"href":"https:\/\/tvbrazilusa.com\/pt\/wp-json\/wp\/v2\/categories?post=49786"},{"taxonomy":"post_tag","embeddable":true,"href":"https:\/\/tvbrazilusa.com\/pt\/wp-json\/wp\/v2\/tags?post=49786"}],"curies":[{"name":"wp","href":"https:\/\/api.w.org\/{rel}","templated":true}]}}