{"id":49825,"date":"2024-10-19T16:13:18","date_gmt":"2024-10-19T16:13:18","guid":{"rendered":"https:\/\/tvbrazilusa.com\/2024\/10\/19\/ministro-do-stf-gilmar-mendes-diz-que-a-corte-nao-deve-ceder-a-desequilibrios-fiscais\/"},"modified":"2024-10-19T16:13:19","modified_gmt":"2024-10-19T16:13:19","slug":"ministro-do-stf-gilmar-mendes-diz-que-a-corte-nao-deve-ceder-a-desequilibrios-fiscais","status":"publish","type":"post","link":"https:\/\/tvbrazilusa.com\/pt\/2024\/10\/19\/ministro-do-stf-gilmar-mendes-diz-que-a-corte-nao-deve-ceder-a-desequilibrios-fiscais\/","title":{"rendered":"Ministro do STF, Gilmar Mendes, diz que a Corte n\u00e3o deve ceder a desequil\u00edbrios fiscais"},"content":{"rendered":"<p> <script async src=\"https:\/\/pagead2.googlesyndication.com\/pagead\/js\/adsbygoogle.js?client=ca-pub-8864793242727901\"\r\n     crossorigin=\"anonymous\"><\/script><br \/>\n<\/p>\n<div id=\"taboola-read-more\" style=\"display:block; width:100%\">\n<p>O ministro do Supremo Tribunal Federal (STF) Gilmar Mendes afirmou nesta sexta-feira (18) que a Corte n\u00e3o deve \u201ctransigir com abusos que levem a distor\u00e7\u00f5es e desequil\u00edbrios fiscais\u201d. A fala ocorreu no evento 30 Anos do Plano Real, promovido pelo Instituto Brasileiro de Ensino, Desenvolvimento e Pesquisa (IDP), em S\u00e3o Paulo.\n<\/p>\n<p>\u201cEste debate [sobre pol\u00edtica fiscal] \u00e9 um debate de pol\u00edtica econ\u00f4mica. O que n\u00e3o devemos \u00e9 transigir com abusos que levem a distor\u00e7\u00f5es e desequil\u00edbrios fiscais\u201d, disse.<\/p>\n<p>Gilmar mencionou a confirma\u00e7\u00e3o pelo Supremo da suspens\u00e3o da execu\u00e7\u00e3o de emendas parlamentares, incluindo as impositivas individuais e de bancada dos estados, cuja execu\u00e7\u00e3o seria obrigat\u00f3ria. A maioria do Supremo referendou liminar do ministro Fl\u00e1vio Dino.\n<\/p>\n<p>Pelas decis\u00f5es de Dino, a suspens\u00e3o dos repasses deve vigorar at\u00e9 que o Congresso implemente regras que garantam a transpar\u00eancia e a rastreabilidade das emendas parlamentares.\n<\/p>\n<p>A suspens\u00e3o pela Corte da lei que prorrogou a desonera\u00e7\u00e3o da folha de pagamento de munic\u00edpios e setores da economia tamb\u00e9m foi mencionada por Gilmar. \u00c0 \u00e9poca, o STF avaliou que a norma n\u00e3o fez demonstra\u00e7\u00e3o do impacto financeiro, conforme exigido pela Lei de Responsabilidade Fiscal.\n<\/p>\n<p>Tamb\u00e9m estiveram presentes no evento que debateu os legados do Plano Real e os desafios enfrentados pelo Brasil 30 anos ap\u00f3s o marco os ex-ministros da Casa Civil Cl\u00f3vis Carvalho e Pedro Parente, o diretor-executivo da Funda\u00e7\u00e3o FHC, S\u00e9rgio Fausto, o ex-embaixador Andrea Matarazzo.\n<\/p>\n<p>Outro dos presentes, o economista-chefe da Warren, Felipe Salto, defendeu que o Brasil precisa enfrentar \u201cagenda espinhosa\u201d de corte de gastos para destravar o crescimento de sua economia.\n<\/p>\n<p>\u201cMe parece que a celebra\u00e7\u00e3o dos 30 anos do Real tem de ensejar um debate sobre a reforma or\u00e7ament\u00e1ria, os desafios do lado da despesa p\u00fablica, da efici\u00eancia do gasto. S\u00e3o temas espinhosos, mas precisamos disso para passar para o clube dos ricos\u201d, disse.\n<\/p>\n<p>Fonte: CNN <\/p>\n<\/div>\n<p><br \/>\n<br \/><a href=\"https:\/\/diariodobrasilnoticias.com.br\/noticia\/ministro-do-stf-gilmar-mendes-diz-que-a-corte-nao-deve-ceder-a-desequilibrios-fiscais-6713b8c476d1f\">Source link <\/a><\/p>","protected":false},"excerpt":{"rendered":"<p>O ministro do Supremo Tribunal Federal (STF) Gilmar Mendes afirmou nesta sexta-feira (18) que a Corte n\u00e3o deve \u201ctransigir com abusos que levem a distor\u00e7\u00f5es e desequil\u00edbrios fiscais\u201d. A fala&hellip;<\/p>","protected":false},"author":1,"featured_media":49826,"comment_status":"closed","ping_status":"open","sticky":false,"template":"","format":"standard","meta":{"content-type":"","footnotes":""},"categories":[16],"tags":[123,2448,5313,1267],"class_list":["post-49825","post","type-post","status-publish","format-standard","has-post-thumbnail","hentry","category-noticias","tag-brasil","tag-diario","tag-noticia","tag-noticias"],"_links":{"self":[{"href":"https:\/\/tvbrazilusa.com\/pt\/wp-json\/wp\/v2\/posts\/49825","targetHints":{"allow":["GET"]}}],"collection":[{"href":"https:\/\/tvbrazilusa.com\/pt\/wp-json\/wp\/v2\/posts"}],"about":[{"href":"https:\/\/tvbrazilusa.com\/pt\/wp-json\/wp\/v2\/types\/post"}],"author":[{"embeddable":true,"href":"https:\/\/tvbrazilusa.com\/pt\/wp-json\/wp\/v2\/users\/1"}],"replies":[{"embeddable":true,"href":"https:\/\/tvbrazilusa.com\/pt\/wp-json\/wp\/v2\/comments?post=49825"}],"version-history":[{"count":1,"href":"https:\/\/tvbrazilusa.com\/pt\/wp-json\/wp\/v2\/posts\/49825\/revisions"}],"predecessor-version":[{"id":49827,"href":"https:\/\/tvbrazilusa.com\/pt\/wp-json\/wp\/v2\/posts\/49825\/revisions\/49827"}],"wp:featuredmedia":[{"embeddable":true,"href":"https:\/\/tvbrazilusa.com\/pt\/wp-json\/wp\/v2\/media\/49826"}],"wp:attachment":[{"href":"https:\/\/tvbrazilusa.com\/pt\/wp-json\/wp\/v2\/media?parent=49825"}],"wp:term":[{"taxonomy":"category","embeddable":true,"href":"https:\/\/tvbrazilusa.com\/pt\/wp-json\/wp\/v2\/categories?post=49825"},{"taxonomy":"post_tag","embeddable":true,"href":"https:\/\/tvbrazilusa.com\/pt\/wp-json\/wp\/v2\/tags?post=49825"}],"curies":[{"name":"wp","href":"https:\/\/api.w.org\/{rel}","templated":true}]}}