{"id":49831,"date":"2024-10-19T16:23:28","date_gmt":"2024-10-19T16:23:28","guid":{"rendered":"https:\/\/tvbrazilusa.com\/2024\/10\/19\/informacao-vaza-e-revela-que-pf-vai-indiciar-bolsonaro-generais-e-ex-comandantes-das-forcas-armadas-paulo-figueiredo\/"},"modified":"2024-10-19T16:25:15","modified_gmt":"2024-10-19T16:25:15","slug":"informacao-vaza-e-revela-que-pf-vai-indiciar-bolsonaro-generais-e-ex-comandantes-das-forcas-armadas-paulo-figueiredo","status":"publish","type":"post","link":"https:\/\/tvbrazilusa.com\/pt\/2024\/10\/19\/informacao-vaza-e-revela-que-pf-vai-indiciar-bolsonaro-generais-e-ex-comandantes-das-forcas-armadas-paulo-figueiredo\/","title":{"rendered":"Informa\u00e7\u00e3o vaza e revela que PF vai indiciar Bolsonaro, generais e ex-comandantes das For\u00e7as Armadas &#8211; Paulo Figueiredo"},"content":{"rendered":"<p> <script async src=\"https:\/\/pagead2.googlesyndication.com\/pagead\/js\/adsbygoogle.js?client=ca-pub-8864793242727901\"\r\n     crossorigin=\"anonymous\"><\/script><br \/>\n<\/p>\n<div id=\"wtr-content\" data-bg=\"#FFFFFF\" data-fg=\"#006d91\" data-width=\"25\" data-mute=\"1\" data-fgopacity=\"1.00\" data-mutedopacity=\"0.5\" data-placement=\"bottom\" data-placement-offset=\"0\" data-content-offset=\"262\" data-placement-touch=\"bottom\" data-placement-offset-touch=\"0\" data-transparent=\"\" data-shadow=\"0\" data-touch=\"1\" data-non-touch=\"1\" data-comments=\"0\" data-commentsbg=\"transparent\" data-location=\"page\" data-mutedfg=\"#006d91\" data-endfg=\"#006d91\" data-rtl=\"\">\n<p>Informa\u00e7\u00f5es d\u00e3o conta de que em poucos dias a Pol\u00edcia Federal ir\u00e1 indiciar o ex-presidente Jair Bolsonaro, os ex-ministros e generais Augusto Heleno e Walter Braga Netto, o ex-comandante da Marinha e almirante Almir Garnier Santos, o ex-ministro Anderson Torres, e o ex-ministro Paulo S\u00e9rgio Nogueira, entre outros.<\/p>\n<p>Os seis ser\u00e3o indiciados no inqu\u00e9rito que apura uma suposta tentativa de golpe de Estado, ap\u00f3s a derrota para Lula, em 2022.<\/p>\n<p><strong>Diz o Metr\u00f3poles:\u00a0<\/strong><\/p>\n<blockquote class=\"wp-block-quote is-layout-flow wp-block-quote-is-layout-flow\">\n<p>\u201cA Pol\u00edcia Federal tem elementos que mostram a participa\u00e7\u00e3o dos cinco na trama golpista colocada em pr\u00e1tica ao longo de 2022, e, em especial, ap\u00f3s o resultado do segundo turno da elei\u00e7\u00e3o daquele ano.<\/p>\n<\/blockquote>\n<blockquote class=\"wp-block-quote is-layout-flow wp-block-quote-is-layout-flow\">\n<p>Mensagens encontradas recentemente pela PF ligam Bolsonaro \u00e0 minuta golpista que implementava instrumentos jur\u00eddicos que permitiram contestar o resultado das elei\u00e7\u00f5es, \u00e0 margem da Constitui\u00e7\u00e3o. No texto, encontrado posteriormente com o ex-ajudante de ordens de Bolsonaro Mauro Cid, constava o decreto de Estado de S\u00edtio e de uma Opera\u00e7\u00e3o de Garantia da Lei e da Ordem.\u201d<\/p>\n<p><strong><a href=\"https:\/\/www.jornaldacidadeonline.com.br\/noticias\/63763\/urgente-informacao-vaza-e-revela-que-pf-vai-indiciar-bolsonaro-generais-e-ex-comandantes-das-forcas-armadas\">Source link<\/a><\/strong><\/p>\n<\/blockquote>\n<\/div>\n<p><br \/>\n<br \/><a href=\"https:\/\/paulofigueiredoshow.com\/informacao-vaza-e-revela-que-pf-vai-indiciar-bolsonaro-generais-e-ex-comandantes-das-forcas-armadas\/\">Source link <\/a><\/p>","protected":false},"excerpt":{"rendered":"<p>Informa\u00e7\u00f5es d\u00e3o conta de que em poucos dias a Pol\u00edcia Federal ir\u00e1 indiciar o ex-presidente Jair Bolsonaro, os ex-ministros e generais Augusto Heleno e Walter Braga Netto, o ex-comandante da&hellip;<\/p>","protected":false},"author":1,"featured_media":49832,"comment_status":"closed","ping_status":"open","sticky":false,"template":"","format":"standard","meta":{"content-type":"","footnotes":""},"categories":[16],"tags":[28452,136,28453,28454,18880,11557],"class_list":["post-49831","post","type-post","status-publish","format-standard","has-post-thumbnail","hentry","category-noticias","tag-augusto-heleno","tag-bolsonaro","tag-braga-netto","tag-paulo-sergio-nogueira","tag-torres","tag-vazamento"],"_links":{"self":[{"href":"https:\/\/tvbrazilusa.com\/pt\/wp-json\/wp\/v2\/posts\/49831","targetHints":{"allow":["GET"]}}],"collection":[{"href":"https:\/\/tvbrazilusa.com\/pt\/wp-json\/wp\/v2\/posts"}],"about":[{"href":"https:\/\/tvbrazilusa.com\/pt\/wp-json\/wp\/v2\/types\/post"}],"author":[{"embeddable":true,"href":"https:\/\/tvbrazilusa.com\/pt\/wp-json\/wp\/v2\/users\/1"}],"replies":[{"embeddable":true,"href":"https:\/\/tvbrazilusa.com\/pt\/wp-json\/wp\/v2\/comments?post=49831"}],"version-history":[{"count":1,"href":"https:\/\/tvbrazilusa.com\/pt\/wp-json\/wp\/v2\/posts\/49831\/revisions"}],"predecessor-version":[{"id":49833,"href":"https:\/\/tvbrazilusa.com\/pt\/wp-json\/wp\/v2\/posts\/49831\/revisions\/49833"}],"wp:featuredmedia":[{"embeddable":true,"href":"https:\/\/tvbrazilusa.com\/pt\/wp-json\/wp\/v2\/media\/49832"}],"wp:attachment":[{"href":"https:\/\/tvbrazilusa.com\/pt\/wp-json\/wp\/v2\/media?parent=49831"}],"wp:term":[{"taxonomy":"category","embeddable":true,"href":"https:\/\/tvbrazilusa.com\/pt\/wp-json\/wp\/v2\/categories?post=49831"},{"taxonomy":"post_tag","embeddable":true,"href":"https:\/\/tvbrazilusa.com\/pt\/wp-json\/wp\/v2\/tags?post=49831"}],"curies":[{"name":"wp","href":"https:\/\/api.w.org\/{rel}","templated":true}]}}