{"id":49834,"date":"2024-10-16T18:55:59","date_gmt":"2024-10-16T18:55:59","guid":{"rendered":"https:\/\/tvbrazilusa.com\/2024\/10\/16\/horario-de-verao-devemos-abandona-lo-ou-mante-lo-o-ano-todo-enquete\/"},"modified":"2024-10-19T16:32:48","modified_gmt":"2024-10-19T16:32:48","slug":"horario-de-verao-devemos-abandona-lo-ou-mante-lo-o-ano-todo-enquete","status":"publish","type":"post","link":"https:\/\/tvbrazilusa.com\/pt\/2024\/10\/16\/horario-de-verao-devemos-abandona-lo-ou-mante-lo-o-ano-todo-enquete\/","title":{"rendered":"Hor\u00e1rio de ver\u00e3o: devemos abandon\u00e1-lo ou mant\u00ea-lo o ano todo? Enquete"},"content":{"rendered":"<p> <script async src=\"https:\/\/pagead2.googlesyndication.com\/pagead\/js\/adsbygoogle.js?client=ca-pub-8864793242727901\"\r\n     crossorigin=\"anonymous\"><\/script><br \/>\n<\/p>\n<div>\n<p>Os americanos parecem estar divididos quanto aos m\u00e9ritos do hor\u00e1rio de ver\u00e3o, que termina no domingo, 3 de novembro, quando a maioria dos americanos (o Hava\u00ed e a maior parte do Arizona observam o hor\u00e1rio padr\u00e3o durante todo o ano) atrasar\u00e3o seus rel\u00f3gios em uma hora.<\/p>\n<\/div>\n<div>\n<p>Algumas pessoas adoram uma hora de luz do dia acrescentada \u00e0 noite. Outros n\u00e3o gostam de acordar no escuro. O lado que quer eliminar com toda esta hist\u00f3ria de recuar e avan\u00e7ar det\u00e9m uma opini\u00e3o maiorit\u00e1ria sobre o assunto, de acordo com diversas sondagens de opini\u00e3o.<\/p>\n<p>Perguntas sobre o que fazer em rela\u00e7\u00e3o ao hor\u00e1rio de ver\u00e3o t\u00eam sido levantadas nas c\u00e2maras estaduais h\u00e1 d\u00e9cadas. Com raro apoio un\u00e2nime, o Senado dos EUA aprovou um projeto de lei em 2023 para adotar o hor\u00e1rio de ver\u00e3o como hor\u00e1rio permanente durante todo o ano, mas n\u00e3o chegou a lugar nenhum na C\u00e2mara dos Representantes.<\/p>\n<\/div>\n<div>\n<p>As raz\u00f5es para tornar o hor\u00e1rio de ver\u00e3o permanente durante todo o ano s\u00e3o principalmente econ\u00f3micas, partindo da premissa de que se permanecer claro at\u00e9 mais tarde, as pessoas estar\u00e3o mais propensas a sair e gastar dinheiro. Um lobista das lojas de conveni\u00eancia do pa\u00eds disse ao Subcomit\u00ea de Energia e Com\u00e9rcio da C\u00e2mara no ano passado que o hor\u00e1rio de ver\u00e3o \u201c\u00e9 <a href=\"https:\/\/www.convenience.org\/Media\/Daily\/2022\/Mar\/14\/1-Daylight-Saving-Time-Is-Good-for-Business_GR\" rel=\"nofollow noopener\" target=\"_blank\">bom para neg\u00f3cios e com\u00e9rcio<\/a>\u201dem todo o pa\u00eds.<\/p>\n<p>M\u00e9dicos e cientistas afirmam que o hor\u00e1rio padr\u00e3o afeta positivamente a nossa sa\u00fade. Nossos rel\u00f3gios internos se alinham melhor com a luz da manh\u00e3, o que por sua vez melhora nossos ciclos de sono.<\/p>\n<\/div>\n<div>\n<p>As pesquisas ao longo dos anos mostraram que a maioria dos americanos est\u00e1 cansada de mexer no rel\u00f3gio duas vezes por ano.<\/p>\n<p>UM <a href=\"https:\/\/docs.cdn.yougov.com\/etwjvohrxx\/Daylight_Saving_Time_Toplines_Crosstabs.pdf\" rel=\"nofollow noopener\" target=\"_blank\">Pesquisa YouGov<\/a> realizada em mar\u00e7o de 2023 mostrou que 62 por cento dos americanos eram a favor da elimina\u00e7\u00e3o dos ajustes do rel\u00f3gio duas vezes por ano. Isso \u00e9 consistente com os resultados de um <a href=\"https:\/\/www.monmouth.edu\/polling-institute\/reports\/monmouthpoll_us_031522\/\" rel=\"nofollow noopener\" target=\"_blank\">Pesquisa da Universidade de Monmouth em 2022<\/a> que descobriu que 61% dos americanos querem parar de mudar o rel\u00f3gio. <\/p>\n<\/div>\n<div>\n<p>Em 2019 um <a href=\"https:\/\/apnorc.org\/projects\/daylight-saving-time-vs-standard-time\/\" rel=\"nofollow noopener\" target=\"_blank\">Pesquisa Associated Press-NORC<\/a> descobriram que 71% dos americanos querem parar de mexer nos rel\u00f3gios. Apenas 28 por cento queriam continuar a pr\u00e1tica. Entre o resto dos americanos, 40% eram a favor do hor\u00e1rio padr\u00e3o durante todo o ano e 31% queriam o hor\u00e1rio de ver\u00e3o durante todo o ano.<\/p>\n<p>Queremos saber o que os leitores do Patch pensam. Voc\u00ea prefere usar o hor\u00e1rio de ver\u00e3o o ano todo, o hor\u00e1rio padr\u00e3o o ano todo ou continuar alternando entre os dois?<\/p>\n<\/div>\n<div>\n<p>Basta preencher nossa pesquisa informal. E apenas um lembrete: n\u00e3o coletamos endere\u00e7os de e-mail.<\/p>\n<p><iframe src=\"\" width=\"640\" height=\"1000\" marginheight=\"0\" marginwidth=\"0\" data-src=\"https:\/\/docs.google.com\/forms\/d\/e\/1FAIpQLSdEjyP9pStMFRT0lepMNXJYeaV3DEFuteck5YuDRlX65SsIIQ\/viewform?embedded=true\">Carregando\u2026<\/iframe><\/p>\n<\/div>\n<p><br \/>\n<br \/><a href=\"http:\/\/patch.com\/us\/across-america\/daylight-saving-time-should-we-abandon-or-keep-it-year-round-survey?utm_source=article-mostrecent&#038;utm_medium=rss&#038;utm_term=community%20corner&#038;utm_campaign=recirc&#038;utm_content=aol\">Source link <\/a><\/p>","protected":false},"excerpt":{"rendered":"<p>Os americanos parecem estar divididos quanto aos m\u00e9ritos do hor\u00e1rio de ver\u00e3o, que termina no domingo, 3 de novembro, quando a maioria dos americanos (o Hava\u00ed e a maior parte&hellip;<\/p>","protected":false},"author":1,"featured_media":49835,"comment_status":"closed","ping_status":"open","sticky":false,"template":"","format":"standard","meta":{"content-type":"","footnotes":""},"categories":[1],"tags":[],"class_list":["post-49834","post","type-post","status-publish","format-standard","has-post-thumbnail","hentry","category-uncategorized"],"_links":{"self":[{"href":"https:\/\/tvbrazilusa.com\/pt\/wp-json\/wp\/v2\/posts\/49834","targetHints":{"allow":["GET"]}}],"collection":[{"href":"https:\/\/tvbrazilusa.com\/pt\/wp-json\/wp\/v2\/posts"}],"about":[{"href":"https:\/\/tvbrazilusa.com\/pt\/wp-json\/wp\/v2\/types\/post"}],"author":[{"embeddable":true,"href":"https:\/\/tvbrazilusa.com\/pt\/wp-json\/wp\/v2\/users\/1"}],"replies":[{"embeddable":true,"href":"https:\/\/tvbrazilusa.com\/pt\/wp-json\/wp\/v2\/comments?post=49834"}],"version-history":[{"count":1,"href":"https:\/\/tvbrazilusa.com\/pt\/wp-json\/wp\/v2\/posts\/49834\/revisions"}],"predecessor-version":[{"id":49836,"href":"https:\/\/tvbrazilusa.com\/pt\/wp-json\/wp\/v2\/posts\/49834\/revisions\/49836"}],"wp:featuredmedia":[{"embeddable":true,"href":"https:\/\/tvbrazilusa.com\/pt\/wp-json\/wp\/v2\/media\/49835"}],"wp:attachment":[{"href":"https:\/\/tvbrazilusa.com\/pt\/wp-json\/wp\/v2\/media?parent=49834"}],"wp:term":[{"taxonomy":"category","embeddable":true,"href":"https:\/\/tvbrazilusa.com\/pt\/wp-json\/wp\/v2\/categories?post=49834"},{"taxonomy":"post_tag","embeddable":true,"href":"https:\/\/tvbrazilusa.com\/pt\/wp-json\/wp\/v2\/tags?post=49834"}],"curies":[{"name":"wp","href":"https:\/\/api.w.org\/{rel}","templated":true}]}}