{"id":49837,"date":"2024-10-19T16:41:36","date_gmt":"2024-10-19T16:41:36","guid":{"rendered":"https:\/\/tvbrazilusa.com\/2024\/10\/19\/violencia-politica-bate-recorde-nas-eleicoes-de-2024-veja-os-numeros\/"},"modified":"2024-10-19T16:41:37","modified_gmt":"2024-10-19T16:41:37","slug":"violencia-politica-bate-recorde-nas-eleicoes-de-2024-veja-os-numeros","status":"publish","type":"post","link":"https:\/\/tvbrazilusa.com\/pt\/2024\/10\/19\/violencia-politica-bate-recorde-nas-eleicoes-de-2024-veja-os-numeros\/","title":{"rendered":"Viol\u00eancia pol\u00edtica bate recorde nas elei\u00e7\u00f5es de 2024; veja os n\u00fameros"},"content":{"rendered":"<p> <script async src=\"https:\/\/pagead2.googlesyndication.com\/pagead\/js\/adsbygoogle.js?client=ca-pub-8864793242727901\"\r\n     crossorigin=\"anonymous\"><\/script><br \/>\n<\/p>\n<div id=\"taboola-read-more\" style=\"display:block; width:100%\">\n<p>A campanha eleitoral de 2024 registrou um n\u00famero recorde de casos de viol\u00eancia pol\u00edtica no Brasil: foram ao menos 338 entre julho e setembro deste ano, segundo levantamento do Grupo de Investiga\u00e7\u00e3o Eleitoral da Universidade Federal do Estado do Rio de Janeiro (Giel\/Unirio).\n<\/p>\n<p>Mais da metade dos casos foi de viol\u00eancia f\u00edsica, como o que vitimou o prefeito de Tabo\u00e3o da Serra (SP), Jos\u00e9 Apr\u00edgio da Silva (Podemos), atingido por ataque a tiros quando estava dentro de um carro nesta sexta-feira (18). Internado no hospital Albert Einstein, ele tinha estado de sa\u00fade est\u00e1vel \u00e0 noite.<\/p>\n<p>Dentre os casos de viol\u00eancia pol\u00edtica registrados pelo grupo da Unirio, 88 constituem atentados, com 55 casos em que o alvo sobreviveu e 33 em que foi morto pelo agressor.\n<\/p>\n<p>O levantamento, registrado no 19\u00b0 Boletim do Observat\u00f3rio da Viol\u00eancia Pol\u00edtica e Eleitoral, considera epis\u00f3dios de viol\u00eancia cometidos contra pol\u00edticos com e sem mandato. Neste grupo, est\u00e3o inclu\u00eddos vereadores, prefeitos, secret\u00e1rios, governadores, candidatos e ex-ocupantes de cargos p\u00fablicos. Casos de viol\u00eancia contra eleitores n\u00e3o s\u00e3o contabilizados.\n<\/p>\n<p>Lideran\u00e7as sem cargo representam a maior parte (166) dos alvos na campanha de 2024. E os grupos mais atingidos, segundo o levantamento, s\u00e3o homens (71%), pessoas entre 40 e 59 anos (52%) e com ensino superior (61%).\n<\/p>\n<p>Estado de maior popula\u00e7\u00e3o no pa\u00eds, S\u00e3o Paulo tamb\u00e9m lidera no n\u00famero de casos de viol\u00eancia, com 58 epis\u00f3dios entre julho e setembro. Vinte e cinco partidos de todos os espectros pol\u00edticos foram atingidos, com Uni\u00e3o Brasil, PT e MDB \u00e0 frente na lista.\n<\/p>\n<p>Segundo a metodologia do Giel, 2024 superou as elei\u00e7\u00f5es passadas em n\u00famero de casos de viol\u00eancia pol\u00edtica. Foram 263 epis\u00f3dios no ano de 2022, que teve pleito marcado por numerosos casos de viol\u00eancia, sobretudo entre eleitores de Jair Bolsonaro (PL) e Lula (PT). J\u00e1 durante o pleito municipal de 2020, 235 casos.\n<\/p>\n<p>&#8220;A viol\u00eancia sempre aumenta no per\u00edodo eleitoral&#8221; diz Felipe Borba, professor da Unirio e coordenador do Giel. Ele enfatiza que geralmente os cargos locais s\u00e3o alvos mais frequentes, j\u00e1 que pequenos munic\u00edpios t\u00eam disputa mais personalizada, menos ideol\u00f3gica e o Poder Executivo municipal como fonte importante de renda.\n<\/p>\n<p>Os dados com rela\u00e7\u00e3o aos anos anteriores t\u00eam que ser vistos com alguma cautela, diz o docente, j\u00e1 que a coleta de dados, feita sobretudo a partir de fatos noticiados na imprensa, foi aprimorada ao longo dos anos.\n<\/p>\n<p>Outro fator a se considerar, segundo ele, \u00e9 que o tema da viol\u00eancia pol\u00edtica ganhou mais aten\u00e7\u00e3o e cobertura nos \u00faltimos anos. &#8220;O assassinato da Marielle, os tiros contra a caravana do Lula e a facada no Bolsonaro deixaram o tema em evid\u00eancia, e isso pode influenciar os n\u00fameros&#8221;, diz.\n<\/p>\n<p>Al\u00e9m do atentado em Tabo\u00e3o, duas vereadoras relataram ter sofrido ataques a tiros em seus ve\u00edculos no in\u00edcio deste m\u00eas.\n<\/p>\n<p>Tain\u00e1 de Paula (PT), do Rio de Janeiro, disse em rede social que estava dentro de seu carro na Vila Isabel, zona oeste carioca, quando dois homens atiraram na dire\u00e7\u00e3o das portas do ve\u00edculo.\n<\/p>\n<p>J\u00e1 Jana\u00edna Lima (PP), de S\u00e3o Paulo, relatou que seu carro foi alvo de seis tiros enquanto estava estacionado na frente da casa de uma familiar no Jardim Souza, zona sul paulistana. A vereadora n\u00e3o estava dentro do ve\u00edculo.\n<\/p>\n<p>Fonte: Folha de S. Paulo <\/p>\n<\/div>\n<p><br \/>\n<br \/><a href=\"https:\/\/diariodobrasilnoticias.com.br\/noticia\/violencia-politica-bate-recorde-nas-eleicoes-de-2024-veja-os-numeros-6713bf41da4b2\">Source link <\/a><\/p>","protected":false},"excerpt":{"rendered":"<p>A campanha eleitoral de 2024 registrou um n\u00famero recorde de casos de viol\u00eancia pol\u00edtica no Brasil: foram ao menos 338 entre julho e setembro deste ano, segundo levantamento do Grupo&hellip;<\/p>","protected":false},"author":1,"featured_media":49838,"comment_status":"closed","ping_status":"open","sticky":false,"template":"","format":"standard","meta":{"content-type":"","footnotes":""},"categories":[16],"tags":[123,2448,5313,1267],"class_list":["post-49837","post","type-post","status-publish","format-standard","has-post-thumbnail","hentry","category-noticias","tag-brasil","tag-diario","tag-noticia","tag-noticias"],"_links":{"self":[{"href":"https:\/\/tvbrazilusa.com\/pt\/wp-json\/wp\/v2\/posts\/49837","targetHints":{"allow":["GET"]}}],"collection":[{"href":"https:\/\/tvbrazilusa.com\/pt\/wp-json\/wp\/v2\/posts"}],"about":[{"href":"https:\/\/tvbrazilusa.com\/pt\/wp-json\/wp\/v2\/types\/post"}],"author":[{"embeddable":true,"href":"https:\/\/tvbrazilusa.com\/pt\/wp-json\/wp\/v2\/users\/1"}],"replies":[{"embeddable":true,"href":"https:\/\/tvbrazilusa.com\/pt\/wp-json\/wp\/v2\/comments?post=49837"}],"version-history":[{"count":1,"href":"https:\/\/tvbrazilusa.com\/pt\/wp-json\/wp\/v2\/posts\/49837\/revisions"}],"predecessor-version":[{"id":49839,"href":"https:\/\/tvbrazilusa.com\/pt\/wp-json\/wp\/v2\/posts\/49837\/revisions\/49839"}],"wp:featuredmedia":[{"embeddable":true,"href":"https:\/\/tvbrazilusa.com\/pt\/wp-json\/wp\/v2\/media\/49838"}],"wp:attachment":[{"href":"https:\/\/tvbrazilusa.com\/pt\/wp-json\/wp\/v2\/media?parent=49837"}],"wp:term":[{"taxonomy":"category","embeddable":true,"href":"https:\/\/tvbrazilusa.com\/pt\/wp-json\/wp\/v2\/categories?post=49837"},{"taxonomy":"post_tag","embeddable":true,"href":"https:\/\/tvbrazilusa.com\/pt\/wp-json\/wp\/v2\/tags?post=49837"}],"curies":[{"name":"wp","href":"https:\/\/api.w.org\/{rel}","templated":true}]}}