{"id":49854,"date":"2024-10-19T17:31:49","date_gmt":"2024-10-19T17:31:49","guid":{"rendered":"https:\/\/tvbrazilusa.com\/2024\/10\/19\/movimento-negro-envia-carta-a-lula-com-criticas-a-ministra-anielle-franco\/"},"modified":"2024-10-19T17:31:50","modified_gmt":"2024-10-19T17:31:50","slug":"movimento-negro-envia-carta-a-lula-com-criticas-a-ministra-anielle-franco","status":"publish","type":"post","link":"https:\/\/tvbrazilusa.com\/pt\/2024\/10\/19\/movimento-negro-envia-carta-a-lula-com-criticas-a-ministra-anielle-franco\/","title":{"rendered":"Movimento negro envia carta a Lula com cr\u00edticas \u00e0 ministra Anielle Franco"},"content":{"rendered":"<p> <script async src=\"https:\/\/pagead2.googlesyndication.com\/pagead\/js\/adsbygoogle.js?client=ca-pub-8864793242727901\"\r\n     crossorigin=\"anonymous\"><\/script><br \/>\n<\/p>\n<div id=\"taboola-read-more\" style=\"display:block; width:100%\">\n<p>Um grupo de dez entidades ligadas ao movimento negro enviou uma carta ao presidente Luiz In\u00e1cio Lula da Silva (PT) nesta semana com cr\u00edticas \u00e0 gest\u00e3o do Minist\u00e9rio da Igualdade Racial.\n<\/p>\n<p>O documento faz refer\u00eancia \u00e0 ministra Anielle Franco, com queixas sobre o &#8220;apagamento da participa\u00e7\u00e3o social na elabora\u00e7\u00e3o da Pol\u00edtica de Igualdade Racial e a elimina\u00e7\u00e3o da contribui\u00e7\u00e3o do movimento negro nessa pol\u00edtica&#8221;.<\/p>\n<p>Entre os signat\u00e1rios da carta est\u00e3o a Associa\u00e7\u00e3o Brasileira de Pesquisadores Negros, os Agentes de Pastoral Negros do Brasil e a Coordena\u00e7\u00e3o Nacional de Entidades Negras.\n<\/p>\n<p>Essas entidades fazem parte da articula\u00e7\u00e3o Converg\u00eancia Negra, criada na Bahia.\n<\/p>\n<p>Em nota enviada ao UOL, a assessoria de imprensa do minist\u00e9rio afirmou que, em menos de dois anos, a pasta &#8220;recuperou, estruturou e apresentou pol\u00edticas hist\u00f3ricas com ampla participa\u00e7\u00e3o de movimentos sociais e da sociedade civil&#8221; e que a igualdade racial \u00e9 a &#8220;segunda agenda mais transversal em todo o governo&#8221;, com 39 programas no governo federal &#8211; atr\u00e1s apenas de meio ambiente, que tem 50.\n<\/p>\n<p>Procurado, o Pal\u00e1cio do Planalto n\u00e3o respondeu \u00e0 reportagem.\n<\/p>\n<p><strong>Queixas<\/strong>\n<\/p>\n<p>Nas reclama\u00e7\u00f5es listadas pela Converg\u00eancia Negra a Lula, destacam-se os atrasos nos debates sobre a amplia\u00e7\u00e3o de cotas, na realiza\u00e7\u00e3o da 5\u00aa Confer\u00eancia Nacional de Igualdade Racial e na atualiza\u00e7\u00e3o do Plano Nacional de Igualdade Racial.\n<\/p>\n<p>O movimento tamb\u00e9m reclama de falta de investimento em pol\u00edticas para comunidades quilombolas e da aus\u00eancia de uma comunica\u00e7\u00e3o antirracista. A carta pede a cria\u00e7\u00e3o de uma mesa tripartite com o governo e com os movimentos sociais para corrigir o rumo das pol\u00edticas raciais.\n<\/p>\n<p>O grupo ainda denuncia &#8220;demiss\u00f5es injustificadas de lideran\u00e7as representativas do movimento negro&#8221;, incluindo Yuri Silva, ex-secret\u00e1rio do Sinapir (Sistema Nacional de Promo\u00e7\u00e3o da Igualdade Racial), exonerado em 7 de outubro.\n<\/p>\n<p>Al\u00e9m de Lula, a Converg\u00eancia Negra enviou o documento ao vice-presidente Geraldo Alckmin e aos ministros Rui Costa (Casa Civil), M\u00e1rcio Mac\u00eado (Secretaria-Geral da Presid\u00eancia) e Alexandre Padilha (Rela\u00e7\u00f5es Institucionais).\n<\/p>\n<p>Outras dez entidades subscrevem o texto, entre elas a Secretaria Estadual de Combate ao Racismo do PT da Bahia e a Federa\u00e7\u00e3o das Favelas do Estado do Rio de Janeiro.\n<\/p>\n<p><strong>Outro lado<\/strong>\n<\/p>\n<p>Em nota ao UOL, o Minist\u00e9rio da Igualdade Racial explicou que a data da Confer\u00eancia Nacional da Igualdade Racial foi alterada &#8220;em vista da estrutura\u00e7\u00e3o do minist\u00e9rio em seu primeiro ano&#8221; e para &#8220;garantir a realiza\u00e7\u00e3o das etapas municipais respeitando as regras eleitorais&#8221;.\n<\/p>\n<p>O minist\u00e9rio tamb\u00e9m informou que o Plano de Comunica\u00e7\u00e3o Antirracista ser\u00e1 lan\u00e7ado em novembro, &#8220;ap\u00f3s di\u00e1logo com movimentos sociais, m\u00eddias negras e especialistas no tema&#8221;.\n<\/p>\n<p>Sobre as demiss\u00f5es, a pasta afirmou que a decis\u00e3o \u00e9 prerrogativa da ministra e que, nos casos recentes, &#8220;havia insatisfa\u00e7\u00e3o com a condu\u00e7\u00e3o da secretaria&#8221; e que &#8220;o processo foi conduzido da melhor forma poss\u00edvel, com di\u00e1logo e sugest\u00e3o de apoio na transi\u00e7\u00e3o&#8221;.\n<\/p>\n<p>O minist\u00e9rio ainda listou a\u00e7\u00f5es desenvolvidas com comunidades quilombolas, incluindo a titula\u00e7\u00e3o de 65 territ\u00f3rios entre 2023 e 2024, o &#8220;maior n\u00famero de territ\u00f3rios j\u00e1 titulado por um governo em menos de dois anos de gest\u00e3o&#8221;, al\u00e9m da resolu\u00e7\u00e3o do conflito hist\u00f3rico entre os quilombos de Alc\u00e2ntara e o Centro de Lan\u00e7amento de Foguetes, no Maranh\u00e3o.\n<\/p>\n<p>Fonte: TAB Uol <\/p>\n<\/div>\n<p><br \/>\n<br \/><a href=\"https:\/\/diariodobrasilnoticias.com.br\/noticia\/movimento-negro-envia-carta-a-lula-com-criticas-a-ministra-anielle-franco-6713c520ac794\">Source link <\/a><\/p>","protected":false},"excerpt":{"rendered":"<p>Um grupo de dez entidades ligadas ao movimento negro enviou uma carta ao presidente Luiz In\u00e1cio Lula da Silva (PT) nesta semana com cr\u00edticas \u00e0 gest\u00e3o do Minist\u00e9rio da Igualdade&hellip;<\/p>","protected":false},"author":1,"featured_media":49855,"comment_status":"closed","ping_status":"open","sticky":false,"template":"","format":"standard","meta":{"content-type":"","footnotes":""},"categories":[16],"tags":[123,2448,5313,1267],"class_list":["post-49854","post","type-post","status-publish","format-standard","has-post-thumbnail","hentry","category-noticias","tag-brasil","tag-diario","tag-noticia","tag-noticias"],"_links":{"self":[{"href":"https:\/\/tvbrazilusa.com\/pt\/wp-json\/wp\/v2\/posts\/49854","targetHints":{"allow":["GET"]}}],"collection":[{"href":"https:\/\/tvbrazilusa.com\/pt\/wp-json\/wp\/v2\/posts"}],"about":[{"href":"https:\/\/tvbrazilusa.com\/pt\/wp-json\/wp\/v2\/types\/post"}],"author":[{"embeddable":true,"href":"https:\/\/tvbrazilusa.com\/pt\/wp-json\/wp\/v2\/users\/1"}],"replies":[{"embeddable":true,"href":"https:\/\/tvbrazilusa.com\/pt\/wp-json\/wp\/v2\/comments?post=49854"}],"version-history":[{"count":1,"href":"https:\/\/tvbrazilusa.com\/pt\/wp-json\/wp\/v2\/posts\/49854\/revisions"}],"predecessor-version":[{"id":49856,"href":"https:\/\/tvbrazilusa.com\/pt\/wp-json\/wp\/v2\/posts\/49854\/revisions\/49856"}],"wp:featuredmedia":[{"embeddable":true,"href":"https:\/\/tvbrazilusa.com\/pt\/wp-json\/wp\/v2\/media\/49855"}],"wp:attachment":[{"href":"https:\/\/tvbrazilusa.com\/pt\/wp-json\/wp\/v2\/media?parent=49854"}],"wp:term":[{"taxonomy":"category","embeddable":true,"href":"https:\/\/tvbrazilusa.com\/pt\/wp-json\/wp\/v2\/categories?post=49854"},{"taxonomy":"post_tag","embeddable":true,"href":"https:\/\/tvbrazilusa.com\/pt\/wp-json\/wp\/v2\/tags?post=49854"}],"curies":[{"name":"wp","href":"https:\/\/api.w.org\/{rel}","templated":true}]}}