{"id":49857,"date":"2024-10-19T16:30:20","date_gmt":"2024-10-19T16:30:20","guid":{"rendered":"https:\/\/tvbrazilusa.com\/2024\/10\/19\/quanto-tempo-nossos-juizes-do-stf-resistiriam-na-democracia-chilena-paulo-figueiredo\/"},"modified":"2024-10-19T17:48:45","modified_gmt":"2024-10-19T17:48:45","slug":"quanto-tempo-nossos-juizes-do-stf-resistiriam-na-democracia-chilena-paulo-figueiredo","status":"publish","type":"post","link":"https:\/\/tvbrazilusa.com\/pt\/2024\/10\/19\/quanto-tempo-nossos-juizes-do-stf-resistiriam-na-democracia-chilena-paulo-figueiredo\/","title":{"rendered":"QUANTO TEMPO NOSSOS JU\u00cdZES DO STF RESISTIRIAM NA DEMOCRACIA CHILENA? &#8211; Paulo Figueiredo"},"content":{"rendered":"<p> <script async src=\"https:\/\/pagead2.googlesyndication.com\/pagead\/js\/adsbygoogle.js?client=ca-pub-8864793242727901\"\r\n     crossorigin=\"anonymous\"><\/script><br \/>\n<\/p>\n<div id=\"wtr-content\" data-bg=\"#FFFFFF\" data-fg=\"#006d91\" data-width=\"25\" data-mute=\"1\" data-fgopacity=\"1.00\" data-mutedopacity=\"0.5\" data-placement=\"bottom\" data-placement-offset=\"0\" data-content-offset=\"262\" data-placement-touch=\"bottom\" data-placement-offset-touch=\"0\" data-transparent=\"\" data-shadow=\"0\" data-touch=\"1\" data-non-touch=\"1\" data-comments=\"0\" data-commentsbg=\"transparent\" data-location=\"page\" data-mutedfg=\"#006d91\" data-endfg=\"#006d91\" data-rtl=\"\">\n<p>Na \u00faltima quarta-feira, o Congresso do Chile destituiu o juiz da Suprema Corte Sergio Mu\u00f1oz e, uma semana antes, j\u00e1 havia removido a ex-ju\u00edza \u00c1ngela Vivanco. Ambos foram declarados inabilitados para exercer cargos p\u00fablicos por cinco anos ap\u00f3s serem submetidos a julgamentos pol\u00edticos por corrup\u00e7\u00e3o. Este cen\u00e1rio no Chile desperta a pergunta: como os ministros do STF brasileiro se comportariam em uma democracia que n\u00e3o tolera desvios de conduta em seu Judici\u00e1rio?<\/p>\n<p>O caso que culminou na queda dos magistrados, conhecido como \u201cCaso Hermosilla\u201d, envolve o advogado Luis Hermosilla, um dos preferidos das elites chilenas. Vivanco foi acusada de procurar Hermosilla em busca de apoio para ser eleita ao tribunal, oferecendo em troca informa\u00e7\u00f5es confidenciais sobre processos judiciais. A acusa\u00e7\u00e3o de tr\u00e1fico de influ\u00eancia, considerada o maior esc\u00e2ndalo do g\u00eanero desde o retorno da democracia no Chile, exp\u00f4s rela\u00e7\u00f5es nada republicanas entre as elites pol\u00edtica, econ\u00f4mica e judicial do pa\u00eds.<\/p>\n<p>Se comparado ao que se v\u00ea no Brasil, onde acusa\u00e7\u00f5es de advogados com v\u00ednculos familiares com ju\u00edzes e at\u00e9 de patroc\u00ednios pagos por r\u00e9us em julgamentos parecem ser \u201cnormais\u201d no Supremo Tribunal Federal, as infra\u00e7\u00f5es dos ju\u00edzes chilenos podem parecer menores. Mas a verdade \u00e9 que o Chile n\u00e3o tolerou o comprometimento dos pilares do Estado de Direito, uma postura que, se aplicada no Brasil, poderia resultar em mudan\u00e7as significativas no nosso cen\u00e1rio jur\u00eddico.<\/p>\n<p>Na senten\u00e7a que destituiu Vivanco, o tribunal foi claro: ela n\u00e3o manteve \u201cum bom comportamento no exerc\u00edcio de suas fun\u00e7\u00f5es\u201d, comprometendo \u201cos fundamentos do Estado de Direito\u201d. J\u00e1 Mu\u00f1oz, um dos ju\u00edzes mais poderosos da Suprema Corte chilena, foi acusado de beneficiar sua filha ao antecipar uma decis\u00e3o judicial e encobrir uma viagem dela \u00e0 It\u00e1lia enquanto ela deveria estar no Chile. A acusa\u00e7\u00e3o afirmou que ele cometeu \u201cabandono de deveres not\u00e1vel\u201d.<\/p>\n<p>A destitui\u00e7\u00e3o de Mu\u00f1oz foi a primeira aprovada pelo parlamento chileno em 31 anos. Esse fato mostra que a democracia chilena mant\u00e9m uma vigil\u00e2ncia ativa sobre a conduta de seus magistrados, removendo-os quando necess\u00e1rio, algo que dificilmente vemos no Brasil. Em tempos de questionamento sobre a atua\u00e7\u00e3o do STF brasileiro, o exemplo do Chile levanta a reflex\u00e3o: quanto tempo durariam nossos ju\u00edzes se as mesmas regras fossem aplicadas por aqui?<\/p>\n<p>Em um contexto em que as elites pol\u00edticas, jur\u00eddicas e econ\u00f4micas se misturam, o Chile enviou uma mensagem clara de que ningu\u00e9m est\u00e1 acima da lei. No Brasil, no entanto, a impunidade e as acusa\u00e7\u00f5es contra ministros do STF raramente resultam em qualquer tipo de san\u00e7\u00e3o. O epis\u00f3dio chileno serve como um chamado para repensarmos a rela\u00e7\u00e3o entre \u00e9tica e poder no Judici\u00e1rio brasileiro.<\/p>\n<p><strong><a href=\"https:\/\/x.com\/fernaolmesquita\/status\/1847285135042908373?t=L3AogYGDyjbzn2CUq9yo8Q&#038;s=08\">Source link<\/a><\/strong><\/p>\n<\/div>\n<p><br \/>\n<br \/><a href=\"https:\/\/paulofigueiredoshow.com\/quanto-tempo-nossos-juizes-do-stf-resistiriam-na-democracia-chilena\/\">Source link <\/a><\/p>","protected":false},"excerpt":{"rendered":"<p>Na \u00faltima quarta-feira, o Congresso do Chile destituiu o juiz da Suprema Corte Sergio Mu\u00f1oz e, uma semana antes, j\u00e1 havia removido a ex-ju\u00edza \u00c1ngela Vivanco. Ambos foram declarados inabilitados&hellip;<\/p>","protected":false},"author":1,"featured_media":49858,"comment_status":"closed","ping_status":"open","sticky":false,"template":"","format":"standard","meta":{"content-type":"","footnotes":""},"categories":[16],"tags":[28498,28499,5315,28500,28501,3782,8953,28502,871],"class_list":["post-49857","post","type-post","status-publish","format-standard","has-post-thumbnail","hentry","category-noticias","tag-angela-vivanco","tag-caso-hermosilla","tag-chile","tag-corte-suprema","tag-destituicao","tag-juiz","tag-remocao","tag-sergio-munoz","tag-stf"],"_links":{"self":[{"href":"https:\/\/tvbrazilusa.com\/pt\/wp-json\/wp\/v2\/posts\/49857","targetHints":{"allow":["GET"]}}],"collection":[{"href":"https:\/\/tvbrazilusa.com\/pt\/wp-json\/wp\/v2\/posts"}],"about":[{"href":"https:\/\/tvbrazilusa.com\/pt\/wp-json\/wp\/v2\/types\/post"}],"author":[{"embeddable":true,"href":"https:\/\/tvbrazilusa.com\/pt\/wp-json\/wp\/v2\/users\/1"}],"replies":[{"embeddable":true,"href":"https:\/\/tvbrazilusa.com\/pt\/wp-json\/wp\/v2\/comments?post=49857"}],"version-history":[{"count":1,"href":"https:\/\/tvbrazilusa.com\/pt\/wp-json\/wp\/v2\/posts\/49857\/revisions"}],"predecessor-version":[{"id":49859,"href":"https:\/\/tvbrazilusa.com\/pt\/wp-json\/wp\/v2\/posts\/49857\/revisions\/49859"}],"wp:featuredmedia":[{"embeddable":true,"href":"https:\/\/tvbrazilusa.com\/pt\/wp-json\/wp\/v2\/media\/49858"}],"wp:attachment":[{"href":"https:\/\/tvbrazilusa.com\/pt\/wp-json\/wp\/v2\/media?parent=49857"}],"wp:term":[{"taxonomy":"category","embeddable":true,"href":"https:\/\/tvbrazilusa.com\/pt\/wp-json\/wp\/v2\/categories?post=49857"},{"taxonomy":"post_tag","embeddable":true,"href":"https:\/\/tvbrazilusa.com\/pt\/wp-json\/wp\/v2\/tags?post=49857"}],"curies":[{"name":"wp","href":"https:\/\/api.w.org\/{rel}","templated":true}]}}