{"id":49871,"date":"2024-10-19T18:27:42","date_gmt":"2024-10-19T18:27:42","guid":{"rendered":"https:\/\/tvbrazilusa.com\/2024\/10\/19\/trump-avalia-que-o-primeiro-ministro-de-israel-esta-fazendo-um-bom-trabalho-e-critica-biden-por-tentar-conter-netanyahu\/"},"modified":"2024-10-19T18:27:43","modified_gmt":"2024-10-19T18:27:43","slug":"trump-avalia-que-o-primeiro-ministro-de-israel-esta-fazendo-um-bom-trabalho-e-critica-biden-por-tentar-conter-netanyahu","status":"publish","type":"post","link":"https:\/\/tvbrazilusa.com\/pt\/2024\/10\/19\/trump-avalia-que-o-primeiro-ministro-de-israel-esta-fazendo-um-bom-trabalho-e-critica-biden-por-tentar-conter-netanyahu\/","title":{"rendered":"Trump avalia que o primeiro-ministro de Israel &#8216;est\u00e1 fazendo um bom trabalho&#8217; e critica Biden por &#8216;tentar conter&#8217; Netanyahu"},"content":{"rendered":"<p> <script async src=\"https:\/\/pagead2.googlesyndication.com\/pagead\/js\/adsbygoogle.js?client=ca-pub-8864793242727901\"\r\n     crossorigin=\"anonymous\"><\/script><br \/>\n<\/p>\n<div id=\"taboola-read-more\" style=\"display:block; width:100%\">\n<p>O ex-presidente dos Estados Unidos e candidato a voltar \u00e0 Casa Branca pelo Partido Republicano, Donald Trump, criticou nesta sexta-feira (18) o atual presidente, Joe Biden, por estar \u201ctentando conter\u201d, segundo ele, o primeiro-ministro de Israel, Benjamin Netanyahu.\n<\/p>\n<p>\u2013 Ele est\u00e1 tentando cont\u00ea-lo, e provavelmente deveria fazer o contr\u00e1rio \u2013 disse Trump em uma breve declara\u00e7\u00e3o \u00e0 imprensa antes de participar de uma mesa redonda eleitoral em Detroit, no estado de Michigan.<\/p>\n<p>Na \u00faltima ter\u00e7a-feira (15), o governo dos EUA enviou uma carta a Israel advertindo que, se n\u00e3o melhorar a situa\u00e7\u00e3o humanit\u00e1ria em Gaza com um aumento no fluxo de ajuda no pr\u00f3ximo m\u00eas, o pa\u00eds poder\u00e1 violar as regras do governo americano sobre assist\u00eancia militar estrangeira e perder a ajuda que recebe.\n<\/p>\n<p>As observa\u00e7\u00f5es de Trump foram feitas um dia ap\u00f3s a confirma\u00e7\u00e3o de que as For\u00e7as de Defesa de Israel (FDI) mataram o l\u00edder do grupo terrorista palestino Hamas, Yahya Sinwar, em Gaza.\n<\/p>\n<p>\u2013 Ele est\u00e1 fazendo um bom trabalho \u2013 afirmou Trump sobre o premi\u00ea israelense.\n<\/p>\n<p>Para o candidato republicano, a morte de Sinwar facilita a perspectiva de paz em Gaza.\n<\/p>\n<p>Fonte: Pleno.News <\/p>\n<\/div>\n<p><br \/>\n<br \/><a href=\"https:\/\/diariodobrasilnoticias.com.br\/noticia\/trump-avalia-que-o-primeiro-ministro-de-israel-esta-fazendo-um-bom-trabalho-e-critica-biden-por-tentar-conter-netanyahu-6713cefa9eb76\">Source link <\/a><\/p>","protected":false},"excerpt":{"rendered":"<p>O ex-presidente dos Estados Unidos e candidato a voltar \u00e0 Casa Branca pelo Partido Republicano, Donald Trump, criticou nesta sexta-feira (18) o atual presidente, Joe Biden, por estar \u201ctentando conter\u201d,&hellip;<\/p>","protected":false},"author":1,"featured_media":49872,"comment_status":"closed","ping_status":"open","sticky":false,"template":"","format":"standard","meta":{"content-type":"","footnotes":""},"categories":[16],"tags":[123,2448,5313,1267],"class_list":["post-49871","post","type-post","status-publish","format-standard","has-post-thumbnail","hentry","category-noticias","tag-brasil","tag-diario","tag-noticia","tag-noticias"],"_links":{"self":[{"href":"https:\/\/tvbrazilusa.com\/pt\/wp-json\/wp\/v2\/posts\/49871","targetHints":{"allow":["GET"]}}],"collection":[{"href":"https:\/\/tvbrazilusa.com\/pt\/wp-json\/wp\/v2\/posts"}],"about":[{"href":"https:\/\/tvbrazilusa.com\/pt\/wp-json\/wp\/v2\/types\/post"}],"author":[{"embeddable":true,"href":"https:\/\/tvbrazilusa.com\/pt\/wp-json\/wp\/v2\/users\/1"}],"replies":[{"embeddable":true,"href":"https:\/\/tvbrazilusa.com\/pt\/wp-json\/wp\/v2\/comments?post=49871"}],"version-history":[{"count":1,"href":"https:\/\/tvbrazilusa.com\/pt\/wp-json\/wp\/v2\/posts\/49871\/revisions"}],"predecessor-version":[{"id":49873,"href":"https:\/\/tvbrazilusa.com\/pt\/wp-json\/wp\/v2\/posts\/49871\/revisions\/49873"}],"wp:featuredmedia":[{"embeddable":true,"href":"https:\/\/tvbrazilusa.com\/pt\/wp-json\/wp\/v2\/media\/49872"}],"wp:attachment":[{"href":"https:\/\/tvbrazilusa.com\/pt\/wp-json\/wp\/v2\/media?parent=49871"}],"wp:term":[{"taxonomy":"category","embeddable":true,"href":"https:\/\/tvbrazilusa.com\/pt\/wp-json\/wp\/v2\/categories?post=49871"},{"taxonomy":"post_tag","embeddable":true,"href":"https:\/\/tvbrazilusa.com\/pt\/wp-json\/wp\/v2\/tags?post=49871"}],"curies":[{"name":"wp","href":"https:\/\/api.w.org\/{rel}","templated":true}]}}