{"id":49899,"date":"2024-10-19T20:08:00","date_gmt":"2024-10-19T20:08:00","guid":{"rendered":"https:\/\/tvbrazilusa.com\/2024\/10\/19\/de-acordo-com-o-daily-mail-os-duques-de-sussex-harry-e-meghan-adquiriram-uma-casa-em-portugal\/"},"modified":"2024-10-19T20:08:01","modified_gmt":"2024-10-19T20:08:01","slug":"de-acordo-com-o-daily-mail-os-duques-de-sussex-harry-e-meghan-adquiriram-uma-casa-em-portugal","status":"publish","type":"post","link":"https:\/\/tvbrazilusa.com\/pt\/2024\/10\/19\/de-acordo-com-o-daily-mail-os-duques-de-sussex-harry-e-meghan-adquiriram-uma-casa-em-portugal\/","title":{"rendered":"De acordo com o Daily Mail, os duques de Sussex, Harry e Meghan, adquiriram uma casa em Portugal"},"content":{"rendered":"<p> <script async src=\"https:\/\/pagead2.googlesyndication.com\/pagead\/js\/adsbygoogle.js?client=ca-pub-8864793242727901\"\r\n     crossorigin=\"anonymous\"><\/script><br \/>\n<\/p>\n<div id=\"taboola-read-more\" style=\"display:block; width:100%\">\n<p>Portugal est\u00e1, aos poucos, a tornar-se o destino de f\u00e9rias predileto dos famosos. S\u00e3o v\u00e1rias as caras internacionais que j\u00e1 investiram no pa\u00eds, ao comprarem im\u00f3veis para passar f\u00e9rias ou at\u00e9 mesmo para viver. E parece que os pr\u00f3ximos s\u00e3o&#8230; Harry e Meghan Markle!\n<\/p>\n<p>De acordo com o Daily Mail, acredita-se que os Duques de Sussex compraram casa na zona de Melides\/Comporta.<\/p>\n<p>Fonte: Fama Show <\/p>\n<\/div>\n<p><br \/>\n<br \/><a href=\"https:\/\/diariodobrasilnoticias.com.br\/noticia\/de-acordo-com-o-daily-mail-os-duques-de-sussex-harry-e-meghan-adquiriram-uma-casa-em-portugal-6713e00e22481\">Source link <\/a><\/p>","protected":false},"excerpt":{"rendered":"<p>Portugal est\u00e1, aos poucos, a tornar-se o destino de f\u00e9rias predileto dos famosos. S\u00e3o v\u00e1rias as caras internacionais que j\u00e1 investiram no pa\u00eds, ao comprarem im\u00f3veis para passar f\u00e9rias ou&hellip;<\/p>","protected":false},"author":1,"featured_media":49900,"comment_status":"closed","ping_status":"open","sticky":false,"template":"","format":"standard","meta":{"content-type":"","footnotes":""},"categories":[16],"tags":[123,2448,5313,1267],"class_list":["post-49899","post","type-post","status-publish","format-standard","has-post-thumbnail","hentry","category-noticias","tag-brasil","tag-diario","tag-noticia","tag-noticias"],"_links":{"self":[{"href":"https:\/\/tvbrazilusa.com\/pt\/wp-json\/wp\/v2\/posts\/49899","targetHints":{"allow":["GET"]}}],"collection":[{"href":"https:\/\/tvbrazilusa.com\/pt\/wp-json\/wp\/v2\/posts"}],"about":[{"href":"https:\/\/tvbrazilusa.com\/pt\/wp-json\/wp\/v2\/types\/post"}],"author":[{"embeddable":true,"href":"https:\/\/tvbrazilusa.com\/pt\/wp-json\/wp\/v2\/users\/1"}],"replies":[{"embeddable":true,"href":"https:\/\/tvbrazilusa.com\/pt\/wp-json\/wp\/v2\/comments?post=49899"}],"version-history":[{"count":1,"href":"https:\/\/tvbrazilusa.com\/pt\/wp-json\/wp\/v2\/posts\/49899\/revisions"}],"predecessor-version":[{"id":49901,"href":"https:\/\/tvbrazilusa.com\/pt\/wp-json\/wp\/v2\/posts\/49899\/revisions\/49901"}],"wp:featuredmedia":[{"embeddable":true,"href":"https:\/\/tvbrazilusa.com\/pt\/wp-json\/wp\/v2\/media\/49900"}],"wp:attachment":[{"href":"https:\/\/tvbrazilusa.com\/pt\/wp-json\/wp\/v2\/media?parent=49899"}],"wp:term":[{"taxonomy":"category","embeddable":true,"href":"https:\/\/tvbrazilusa.com\/pt\/wp-json\/wp\/v2\/categories?post=49899"},{"taxonomy":"post_tag","embeddable":true,"href":"https:\/\/tvbrazilusa.com\/pt\/wp-json\/wp\/v2\/tags?post=49899"}],"curies":[{"name":"wp","href":"https:\/\/api.w.org\/{rel}","templated":true}]}}