{"id":49910,"date":"2024-10-19T20:09:19","date_gmt":"2024-10-19T20:09:19","guid":{"rendered":"https:\/\/tvbrazilusa.com\/2024\/10\/19\/netanyahu-acusa-ira-de-tentar-mata-lo-e-afirma-que-nada-detera-israel-paulo-figueiredo\/"},"modified":"2024-10-19T20:46:40","modified_gmt":"2024-10-19T20:46:40","slug":"netanyahu-acusa-ira-de-tentar-mata-lo-e-afirma-que-nada-detera-israel-paulo-figueiredo","status":"publish","type":"post","link":"https:\/\/tvbrazilusa.com\/pt\/2024\/10\/19\/netanyahu-acusa-ira-de-tentar-mata-lo-e-afirma-que-nada-detera-israel-paulo-figueiredo\/","title":{"rendered":"Netanyahu acusa Ir\u00e3 de tentar mat\u00e1-lo e afirma que \u2018nada deter\u00e1 Israel\u2019 &#8211; Paulo Figueiredo"},"content":{"rendered":"<p> <script async src=\"https:\/\/pagead2.googlesyndication.com\/pagead\/js\/adsbygoogle.js?client=ca-pub-8864793242727901\"\r\n     crossorigin=\"anonymous\"><\/script><br \/>\n<\/p>\n<div id=\"wtr-content\" data-bg=\"#FFFFFF\" data-fg=\"#006d91\" data-width=\"25\" data-mute=\"1\" data-fgopacity=\"1.00\" data-mutedopacity=\"0.5\" data-placement=\"bottom\" data-placement-offset=\"0\" data-content-offset=\"262\" data-placement-touch=\"bottom\" data-placement-offset-touch=\"0\" data-transparent=\"\" data-shadow=\"0\" data-touch=\"1\" data-non-touch=\"1\" data-comments=\"0\" data-commentsbg=\"transparent\" data-location=\"page\" data-mutedfg=\"#006d91\" data-endfg=\"#006d91\" data-rtl=\"\">\n<h3 class=\"wp-block-heading\">Primeiro-ministro, em uma declara\u00e7\u00e3o, afirmou que o ataque de drone a sua casa foi \u201cum erro grave cometido por agentes iranianos\u201d<\/h3>\n<p>A resid\u00eancia do primeiro-ministro israelense, Benjamin Netanyahu, em Cesareia, foi alvo de um ataque com drones lan\u00e7ados pelo grupo Hezbollah, a partir do L\u00edbano, na manh\u00e3 deste s\u00e1bado, 19.<\/p>\n<p>Al\u00e9m dos ataques com drones, conta o\u00a0<em>The Times of Israel<\/em>, o grupo terrorista Hezbollah tamb\u00e9m disparou foguetes contra cidades no norte de Israel, como Haifa, durante a noite de sexta-feira e na manh\u00e3 de s\u00e1bado.<\/p>\n<p>Segundo informa\u00e7\u00f5es, um dos drones explodiu nas proximidades da casa, mas nem Netanyahu nem sua esposa estavam presentes no momento, e ningu\u00e9m ficou ferido. O gabinete do primeiro-ministro confirmou o incidente. Ressaltou que \u201cn\u00e3o houve v\u00edtimas\u201d.<\/p>\n<p>Netanyahu, em uma declara\u00e7\u00e3o, afirmou que o ataque foi \u201cum erro grave cometido por agentes iranianos\u201d.<\/p>\n<p>Ele garantiu que isso n\u00e3o o impediria de continuar a luta: \u201cQuem tenta prejudicar o povo de Israel pagar\u00e1 um pre\u00e7o alto. Continuaremos a guerra com determina\u00e7\u00e3o.\u201d<\/p>\n<p><strong><a href=\"https:\/\/revistaoeste.com\/mundo\/netanyahu-acusa-ira-de-tentar-mata-lo-e-afirma-que-nada-detera-israel\/\">Source link<\/a><\/strong><\/p>\n<\/div>\n<p><br \/>\n<br \/><a href=\"https:\/\/paulofigueiredoshow.com\/netanyahu-acusa-ira-de-tentar-mata-lo-e-afirma-que-nada-detera-israel\/\">Source link <\/a><\/p>","protected":false},"excerpt":{"rendered":"<p>Primeiro-ministro, em uma declara\u00e7\u00e3o, afirmou que o ataque de drone a sua casa foi \u201cum erro grave cometido por agentes iranianos\u201d A resid\u00eancia do primeiro-ministro israelense, Benjamin Netanyahu, em Cesareia,&hellip;<\/p>","protected":false},"author":1,"featured_media":43944,"comment_status":"closed","ping_status":"open","sticky":false,"template":"","format":"standard","meta":{"content-type":"","footnotes":""},"categories":[16],"tags":[28513,5350,28514,28515,2961,7646,1080],"class_list":["post-49910","post","type-post","status-publish","format-standard","has-post-thumbnail","hentry","category-noticias","tag-cesareia","tag-drone","tag-foguetes","tag-haifa","tag-hezbollah","tag-libano","tag-netanyahu"],"_links":{"self":[{"href":"https:\/\/tvbrazilusa.com\/pt\/wp-json\/wp\/v2\/posts\/49910","targetHints":{"allow":["GET"]}}],"collection":[{"href":"https:\/\/tvbrazilusa.com\/pt\/wp-json\/wp\/v2\/posts"}],"about":[{"href":"https:\/\/tvbrazilusa.com\/pt\/wp-json\/wp\/v2\/types\/post"}],"author":[{"embeddable":true,"href":"https:\/\/tvbrazilusa.com\/pt\/wp-json\/wp\/v2\/users\/1"}],"replies":[{"embeddable":true,"href":"https:\/\/tvbrazilusa.com\/pt\/wp-json\/wp\/v2\/comments?post=49910"}],"version-history":[{"count":1,"href":"https:\/\/tvbrazilusa.com\/pt\/wp-json\/wp\/v2\/posts\/49910\/revisions"}],"predecessor-version":[{"id":49911,"href":"https:\/\/tvbrazilusa.com\/pt\/wp-json\/wp\/v2\/posts\/49910\/revisions\/49911"}],"wp:featuredmedia":[{"embeddable":true,"href":"https:\/\/tvbrazilusa.com\/pt\/wp-json\/wp\/v2\/media\/43944"}],"wp:attachment":[{"href":"https:\/\/tvbrazilusa.com\/pt\/wp-json\/wp\/v2\/media?parent=49910"}],"wp:term":[{"taxonomy":"category","embeddable":true,"href":"https:\/\/tvbrazilusa.com\/pt\/wp-json\/wp\/v2\/categories?post=49910"},{"taxonomy":"post_tag","embeddable":true,"href":"https:\/\/tvbrazilusa.com\/pt\/wp-json\/wp\/v2\/tags?post=49910"}],"curies":[{"name":"wp","href":"https:\/\/api.w.org\/{rel}","templated":true}]}}