{"id":49915,"date":"2024-10-19T21:15:26","date_gmt":"2024-10-19T21:15:26","guid":{"rendered":"https:\/\/tvbrazilusa.com\/2024\/10\/19\/queda-no-apoio-segundo-pesquisa-metade-da-populacao-brasileira-apoia-cotas-para-negros-em-novembro-de-2021-eram-60\/"},"modified":"2024-10-19T21:15:30","modified_gmt":"2024-10-19T21:15:30","slug":"queda-no-apoio-segundo-pesquisa-metade-da-populacao-brasileira-apoia-cotas-para-negros-em-novembro-de-2021-eram-60","status":"publish","type":"post","link":"https:\/\/tvbrazilusa.com\/pt\/2024\/10\/19\/queda-no-apoio-segundo-pesquisa-metade-da-populacao-brasileira-apoia-cotas-para-negros-em-novembro-de-2021-eram-60\/","title":{"rendered":"QUEDA NO APOIO: Segundo pesquisa, metade da popula\u00e7\u00e3o brasileira apoia cotas para negros; em novembro de 2021, eram 60%"},"content":{"rendered":"<p> <script async src=\"https:\/\/pagead2.googlesyndication.com\/pagead\/js\/adsbygoogle.js?client=ca-pub-8864793242727901\"\r\n     crossorigin=\"anonymous\"><\/script><br \/>\n<\/p>\n<div id=\"taboola-read-more\" style=\"display:block; width:100%\">\n<p>O apoio \u00e0s cotas para negros nas universidades p\u00fablicas caiu 10 pontos percentuais em 3 anos. Foi de 60%, em novembro de 2021, para 50% em outubro deste ano. O dado \u00e9 de pesquisa PoderData realizada de 12 a 14 de outubro de 2024.\n<\/p>\n<p>De maneira inversa, a curva dos eleitores que declaram ser contr\u00e1rios \u00e0 medida afirmativa subiu 8 pontos percentuais desde a 1\u00aa vez que a empresa come\u00e7ou a fazer a pergunta aos entrevistados \u2013em novembro de 2020.<\/p>\n<p>H\u00e1 ainda 16% que n\u00e3o souberam responder \u00e0 pergunta.\n<\/p>\n<\/p>\n<p>A pol\u00edtica de cotas para negros em universidades p\u00fablicas foi implementada por meio da Lei 12.711 de 2012, durante o governo de Dilma Rousseff (PT) com o objetivo de facilitar e assegurar o ingresso desse grupo social nas institui\u00e7\u00f5es de ensino superior, corrigindo desigualdades e ampliando o acesso \u00e0 educa\u00e7\u00e3o superior no pa\u00eds.\n<\/p>\n<p>De acordo com o governo federal, de 2012 a 2022, a entrada nas universidades por meio de a\u00e7\u00f5es afirmativas, como as cotas, aumentou em 167%.\n<\/p>\n<p>A legisla\u00e7\u00e3o determina que a medida seja revista a cada 10 anos. Por isso, em novembro de 2023 foi atualizada. O novo texto inseriu pessoas quilombolas e reduziu a renda per capita m\u00e1xima dos benefici\u00e1rios de R$ 1.980 para R$ 1.320.\n<\/p>\n<p>A pesquisa cujos dados s\u00e3o relatados neste post foi realizada pelo PoderData, empresa do grupo Poder360 Jornalismo, com recursos pr\u00f3prios. Os dados foram coletados de 12 a 14 de outubro de 2024, por meio de liga\u00e7\u00f5es para celulares e telefones fixos. Foram 2.500 entrevistas em 181 munic\u00edpios nas 27 unidades da Federa\u00e7\u00e3o. A margem de erro \u00e9 de 2 pontos percentuais. O intervalo de confian\u00e7a \u00e9 de 95%. Saiba mais sobre a metodologia lendo este texto.\n<\/p>\n<p><strong>ESTRATIFICA\u00c7\u00c3O<\/strong>\n<\/p>\n<p>O Poder360 estratifica os dados por faixas demogr\u00e1ficas (sexo, idade, regi\u00e3o, escolaridade, renda e religi\u00e3o). Eis os resultados:\n<\/p>\n<p><img fetchpriority=\"high\" decoding=\"async\" src=\"https:\/\/static.poder360.com.br\/2024\/10\/pd-cotas-negros-16-out-2024-02-1-987x2048.png\" alt=\"\" width=\"987\" height=\"2048\"\/>\n<\/p>\n<p><strong>COTAS PARA NEGROS X VOTO EM 2022<\/strong>\n<\/p>\n<p>Os percentuais de apoio e contr\u00e1rios \u00e0 pol\u00edtica de cotas para negros nas universidades p\u00fablicas s\u00e3o semelhantes dentre os que declaram ter votado no presidente Lula (PT) e no ex-presidente Jair Bolsonaro (PL) no 2\u00ba turno de 2022.\n<\/p>\n<p><img decoding=\"async\" src=\"https:\/\/static.poder360.com.br\/2024\/10\/pd-cotas-negros-16-out-2024-03-1-2048x2048.png\" alt=\"\" width=\"2048\" height=\"2048\"\/>\n<\/p>\n<p><strong>METODOLOGIA<\/strong>\n<\/p>\n<p>A pesquisa PoderData foi realizada de 12 a 14 de outubro de 2024. Foram entrevistadas 2.500 pessoas com 16 anos de idade ou mais em 181 munic\u00edpios nas 27 unidades da Federa\u00e7\u00e3o. Foi aplicada uma pondera\u00e7\u00e3o param\u00e9trica para compensar desproporcionalidades nas vari\u00e1veis de sexo, idade, grau de instru\u00e7\u00e3o, regi\u00e3o e renda. A margem de erro \u00e9 de 2 pontos percentuais, para mais ou para menos.\n<\/p>\n<p>As entrevistas foram realizadas por telefone (para linhas fixas e de celulares), por meio do sistema URA (Unidade de Resposta Aud\u00edvel), em que o entrevistado ouve perguntas gravadas e responde por meio do teclado do aparelho. O intervalo de confian\u00e7a do estudo \u00e9 de 95%.\n<\/p>\n<p>Para facilitar a leitura, os resultados da pesquisa foram arredondados. Por causa desse processo, \u00e9 poss\u00edvel que o somat\u00f3rio de algum dos resultados seja diferente de 100. Diferen\u00e7as entre as frequ\u00eancias totais e os percentuais em tabelas de cruzamento de vari\u00e1veis podem aptaarecer por conta de ocorr\u00eancias de n\u00e3o resposta. Este estudo foi realizado com recursos pr\u00f3prios do PoderData, empresa de pesquisas que faz parte do grupo de m\u00eddia Poder360 Jornalismo.\n<\/p>\n<p><img decoding=\"async\" src=\"https:\/\/static.poder360.com.br\/2024\/10\/pd-perfil-amostra-14-out-2024_Artboard-2t-1141x2048.png\" alt=\"\" width=\"1141\" height=\"2048\"\/>\n<\/p>\n<p>Fonte: Poder360 <\/p>\n<\/div>\n<p><br \/>\n<br \/><a href=\"https:\/\/diariodobrasilnoticias.com.br\/noticia\/segundo-pesquisa-metade-da-populacao-brasileira-apoia-cotas-para-negros-em-novembro-de-2021-eram-60-6713f857b197e\">Source link <\/a><\/p>","protected":false},"excerpt":{"rendered":"<p>O apoio \u00e0s cotas para negros nas universidades p\u00fablicas caiu 10 pontos percentuais em 3 anos. Foi de 60%, em novembro de 2021, para 50% em outubro deste ano. O&hellip;<\/p>","protected":false},"author":1,"featured_media":49916,"comment_status":"closed","ping_status":"open","sticky":false,"template":"","format":"standard","meta":{"content-type":"","footnotes":""},"categories":[16],"tags":[123,2448,5313,1267],"class_list":["post-49915","post","type-post","status-publish","format-standard","has-post-thumbnail","hentry","category-noticias","tag-brasil","tag-diario","tag-noticia","tag-noticias"],"_links":{"self":[{"href":"https:\/\/tvbrazilusa.com\/pt\/wp-json\/wp\/v2\/posts\/49915","targetHints":{"allow":["GET"]}}],"collection":[{"href":"https:\/\/tvbrazilusa.com\/pt\/wp-json\/wp\/v2\/posts"}],"about":[{"href":"https:\/\/tvbrazilusa.com\/pt\/wp-json\/wp\/v2\/types\/post"}],"author":[{"embeddable":true,"href":"https:\/\/tvbrazilusa.com\/pt\/wp-json\/wp\/v2\/users\/1"}],"replies":[{"embeddable":true,"href":"https:\/\/tvbrazilusa.com\/pt\/wp-json\/wp\/v2\/comments?post=49915"}],"version-history":[{"count":1,"href":"https:\/\/tvbrazilusa.com\/pt\/wp-json\/wp\/v2\/posts\/49915\/revisions"}],"predecessor-version":[{"id":49917,"href":"https:\/\/tvbrazilusa.com\/pt\/wp-json\/wp\/v2\/posts\/49915\/revisions\/49917"}],"wp:featuredmedia":[{"embeddable":true,"href":"https:\/\/tvbrazilusa.com\/pt\/wp-json\/wp\/v2\/media\/49916"}],"wp:attachment":[{"href":"https:\/\/tvbrazilusa.com\/pt\/wp-json\/wp\/v2\/media?parent=49915"}],"wp:term":[{"taxonomy":"category","embeddable":true,"href":"https:\/\/tvbrazilusa.com\/pt\/wp-json\/wp\/v2\/categories?post=49915"},{"taxonomy":"post_tag","embeddable":true,"href":"https:\/\/tvbrazilusa.com\/pt\/wp-json\/wp\/v2\/tags?post=49915"}],"curies":[{"name":"wp","href":"https:\/\/api.w.org\/{rel}","templated":true}]}}