{"id":49927,"date":"2024-10-19T22:02:13","date_gmt":"2024-10-19T22:02:13","guid":{"rendered":"https:\/\/tvbrazilusa.com\/2024\/10\/19\/leitor-labial-sugere-que-biden-e-obama-podem-ter-falado-mal-de-kamala-no-funeral-de-ethel-kennedy-paulo-figueiredo\/"},"modified":"2024-10-19T22:06:28","modified_gmt":"2024-10-19T22:06:28","slug":"leitor-labial-sugere-que-biden-e-obama-podem-ter-falado-mal-de-kamala-no-funeral-de-ethel-kennedy-paulo-figueiredo","status":"publish","type":"post","link":"https:\/\/tvbrazilusa.com\/pt\/2024\/10\/19\/leitor-labial-sugere-que-biden-e-obama-podem-ter-falado-mal-de-kamala-no-funeral-de-ethel-kennedy-paulo-figueiredo\/","title":{"rendered":"Leitor labial sugere que Biden e Obama podem ter falado mal de Kamala no funeral de Ethel Kennedy &#8211; Paulo Figueiredo"},"content":{"rendered":"<p> <script async src=\"https:\/\/pagead2.googlesyndication.com\/pagead\/js\/adsbygoogle.js?client=ca-pub-8864793242727901\"\r\n     crossorigin=\"anonymous\"><\/script><br \/>\n<\/p>\n<div id=\"wtr-content\" data-bg=\"#FFFFFF\" data-fg=\"#006d91\" data-width=\"25\" data-mute=\"1\" data-fgopacity=\"1.00\" data-mutedopacity=\"0.5\" data-placement=\"bottom\" data-placement-offset=\"0\" data-content-offset=\"262\" data-placement-touch=\"bottom\" data-placement-offset-touch=\"0\" data-transparent=\"\" data-shadow=\"0\" data-touch=\"1\" data-non-touch=\"1\" data-comments=\"0\" data-commentsbg=\"transparent\" data-location=\"page\" data-mutedfg=\"#006d91\" data-endfg=\"#006d91\" data-rtl=\"\">\n<p>Biden: \u201cEla n\u00e3o \u00e9 t\u00e3o forte quanto eu.\u201d Obama: \u201cEu sei\u2026 isso \u00e9 verdade.\u201d<\/p>\n<p>Um leitor labial profissional que analisou a conversa entre o ex-presidente Barack Obama e o presidente Joe Biden no funeral de Ethel Kennedy sugere que os dois pesos-pesados do Partido Democrata estavam tendo uma discuss\u00e3o pouco elogiosa sobre a vice-presidente Kamala Harris.<\/p>\n<\/div>\n<p><br \/>\n<br \/><a href=\"https:\/\/paulofigueiredoshow.com\/leitor-labial-sugere-que-biden-e-obama-podem-ter-falado-mal-de-kamala-no-funeral-de-ethel-kennedy\/\">Source link <\/a><\/p>","protected":false},"excerpt":{"rendered":"<p>Biden: \u201cEla n\u00e3o \u00e9 t\u00e3o forte quanto eu.\u201d Obama: \u201cEu sei\u2026 isso \u00e9 verdade.\u201d Um leitor labial profissional que analisou a conversa entre o ex-presidente Barack Obama e o presidente&hellip;<\/p>","protected":false},"author":1,"featured_media":49928,"comment_status":"closed","ping_status":"open","sticky":false,"template":"","format":"standard","meta":{"content-type":"","footnotes":""},"categories":[16],"tags":[747,592,28516,1535,28517],"class_list":["post-49927","post","type-post","status-publish","format-standard","has-post-thumbnail","hentry","category-noticias","tag-biden","tag-eua","tag-fraca","tag-kamala","tag-leitura-labial"],"_links":{"self":[{"href":"https:\/\/tvbrazilusa.com\/pt\/wp-json\/wp\/v2\/posts\/49927","targetHints":{"allow":["GET"]}}],"collection":[{"href":"https:\/\/tvbrazilusa.com\/pt\/wp-json\/wp\/v2\/posts"}],"about":[{"href":"https:\/\/tvbrazilusa.com\/pt\/wp-json\/wp\/v2\/types\/post"}],"author":[{"embeddable":true,"href":"https:\/\/tvbrazilusa.com\/pt\/wp-json\/wp\/v2\/users\/1"}],"replies":[{"embeddable":true,"href":"https:\/\/tvbrazilusa.com\/pt\/wp-json\/wp\/v2\/comments?post=49927"}],"version-history":[{"count":1,"href":"https:\/\/tvbrazilusa.com\/pt\/wp-json\/wp\/v2\/posts\/49927\/revisions"}],"predecessor-version":[{"id":49929,"href":"https:\/\/tvbrazilusa.com\/pt\/wp-json\/wp\/v2\/posts\/49927\/revisions\/49929"}],"wp:featuredmedia":[{"embeddable":true,"href":"https:\/\/tvbrazilusa.com\/pt\/wp-json\/wp\/v2\/media\/49928"}],"wp:attachment":[{"href":"https:\/\/tvbrazilusa.com\/pt\/wp-json\/wp\/v2\/media?parent=49927"}],"wp:term":[{"taxonomy":"category","embeddable":true,"href":"https:\/\/tvbrazilusa.com\/pt\/wp-json\/wp\/v2\/categories?post=49927"},{"taxonomy":"post_tag","embeddable":true,"href":"https:\/\/tvbrazilusa.com\/pt\/wp-json\/wp\/v2\/tags?post=49927"}],"curies":[{"name":"wp","href":"https:\/\/api.w.org\/{rel}","templated":true}]}}