{"id":49945,"date":"2024-10-19T23:02:31","date_gmt":"2024-10-19T23:02:31","guid":{"rendered":"https:\/\/tvbrazilusa.com\/2024\/10\/19\/milicianos-fortemente-armados-sao-registrados-por-cameras-de-seguranca-tentando-invadir-a-muzema-na-zona-oeste-do-rio-veja-video\/"},"modified":"2024-10-19T23:02:33","modified_gmt":"2024-10-19T23:02:33","slug":"milicianos-fortemente-armados-sao-registrados-por-cameras-de-seguranca-tentando-invadir-a-muzema-na-zona-oeste-do-rio-veja-video","status":"publish","type":"post","link":"https:\/\/tvbrazilusa.com\/pt\/2024\/10\/19\/milicianos-fortemente-armados-sao-registrados-por-cameras-de-seguranca-tentando-invadir-a-muzema-na-zona-oeste-do-rio-veja-video\/","title":{"rendered":"Milicianos fortemente armados s\u00e3o registrados por c\u00e2meras de seguran\u00e7a tentando invadir a Muzema, na Zona Oeste do Rio; VEJA V\u00cdDEO"},"content":{"rendered":"<p> <script async src=\"https:\/\/pagead2.googlesyndication.com\/pagead\/js\/adsbygoogle.js?client=ca-pub-8864793242727901\"\r\n     crossorigin=\"anonymous\"><\/script><br \/>\n<\/p>\n<div id=\"taboola-read-more\" style=\"display:block; width:100%\">\n<p>C\u00e2meras de seguran\u00e7a da comunidade da Muzema, na Zona Oeste do Rio, registraram o momento em que dezenas de homens vestidos de preto chegaram na regi\u00e3o no in\u00edcio da manh\u00e3 deste s\u00e1bado (19).\n<\/p>\n<p>O v\u00eddeo mostra que cerca de 30 homens armados com fuzis e pistolas sobem a rua. Moradores chegam a passar no mesmo momento.<\/p>\n<p>A maior parte dos bandidos estava com o rosto coberto. Testemunhas afirmam que s\u00e3o milicianos que tentam retomar o controle territorial da favela, que atualmente est\u00e1 sob explora\u00e7\u00e3o do Comando Vermelho.\n<\/p>\n<p>Comerciantes dizem que o grupo de milicianos invadiu alguns com\u00e9rcios para extorquir moradores e pegar alimentos.\n<\/p>\n<p>O g1 entrou em contato com a Pol\u00edcia Militar.\n<\/p>\n<p>Na quarta (16), agentes do Bope fizeram uma opera\u00e7\u00e3o na Tijuquinha, comunidade pr\u00f3xima, depois do setor de intelig\u00eancia da PM identificar que bandidos do Comando Vermelho estavam usando o local como base estrat\u00e9gica para invadir Rio das Pedras, que \u00e9 controlada pela mil\u00edcia.\n<\/p>\n<p>Para atrapalhar a a\u00e7\u00e3o da pol\u00edcia, os criminosos sequestraram 9 \u00f4nibus e usaram como barricadas na Estrada do Itanhang\u00e1, que d\u00e1 acesso \u00e0s comunidades da Muzema, Tijuquinha e Rio das Pedras.\n<\/p>\n<p>Veja v\u00eddeo:\n<\/p>\n<p>Fonte: g1 <\/p>\n<\/div>\n<p><br \/>\n<br \/><a href=\"https:\/\/diariodobrasilnoticias.com.br\/noticia\/milicianos-fortemente-armados-sao-registrados-por-cameras-de-seguranca-tentando-invadir-a-muzema-na-zona-oeste-do-rio-veja-video-67141502045a0\">Source link <\/a><\/p>","protected":false},"excerpt":{"rendered":"<p>C\u00e2meras de seguran\u00e7a da comunidade da Muzema, na Zona Oeste do Rio, registraram o momento em que dezenas de homens vestidos de preto chegaram na regi\u00e3o no in\u00edcio da manh\u00e3&hellip;<\/p>","protected":false},"author":1,"featured_media":49946,"comment_status":"closed","ping_status":"open","sticky":false,"template":"","format":"standard","meta":{"content-type":"","footnotes":""},"categories":[16],"tags":[123,2448,5313,1267],"class_list":["post-49945","post","type-post","status-publish","format-standard","has-post-thumbnail","hentry","category-noticias","tag-brasil","tag-diario","tag-noticia","tag-noticias"],"_links":{"self":[{"href":"https:\/\/tvbrazilusa.com\/pt\/wp-json\/wp\/v2\/posts\/49945","targetHints":{"allow":["GET"]}}],"collection":[{"href":"https:\/\/tvbrazilusa.com\/pt\/wp-json\/wp\/v2\/posts"}],"about":[{"href":"https:\/\/tvbrazilusa.com\/pt\/wp-json\/wp\/v2\/types\/post"}],"author":[{"embeddable":true,"href":"https:\/\/tvbrazilusa.com\/pt\/wp-json\/wp\/v2\/users\/1"}],"replies":[{"embeddable":true,"href":"https:\/\/tvbrazilusa.com\/pt\/wp-json\/wp\/v2\/comments?post=49945"}],"version-history":[{"count":1,"href":"https:\/\/tvbrazilusa.com\/pt\/wp-json\/wp\/v2\/posts\/49945\/revisions"}],"predecessor-version":[{"id":49947,"href":"https:\/\/tvbrazilusa.com\/pt\/wp-json\/wp\/v2\/posts\/49945\/revisions\/49947"}],"wp:featuredmedia":[{"embeddable":true,"href":"https:\/\/tvbrazilusa.com\/pt\/wp-json\/wp\/v2\/media\/49946"}],"wp:attachment":[{"href":"https:\/\/tvbrazilusa.com\/pt\/wp-json\/wp\/v2\/media?parent=49945"}],"wp:term":[{"taxonomy":"category","embeddable":true,"href":"https:\/\/tvbrazilusa.com\/pt\/wp-json\/wp\/v2\/categories?post=49945"},{"taxonomy":"post_tag","embeddable":true,"href":"https:\/\/tvbrazilusa.com\/pt\/wp-json\/wp\/v2\/tags?post=49945"}],"curies":[{"name":"wp","href":"https:\/\/api.w.org\/{rel}","templated":true}]}}