{"id":4995,"date":"2023-05-09T14:34:02","date_gmt":"2023-05-09T14:34:02","guid":{"rendered":"https:\/\/tvbrazilusa.com\/2023\/05\/09\/curitiba-tem-o-germe-do-fascismo-afirma-gilmar-mendes-no-roda-viva\/"},"modified":"2023-05-09T14:34:02","modified_gmt":"2023-05-09T14:34:02","slug":"curitiba-tem-o-germe-do-fascismo-afirma-gilmar-mendes-no-roda-viva","status":"publish","type":"post","link":"https:\/\/tvbrazilusa.com\/pt\/2023\/05\/09\/curitiba-tem-o-germe-do-fascismo-afirma-gilmar-mendes-no-roda-viva\/","title":{"rendered":"&#8220;Curitiba tem o germe do fascismo&#8221;, afirma Gilmar Mendes no Roda Viva"},"content":{"rendered":"<p><iframe  width=\"580\" height=\"385\" src=\"https:\/\/www.youtube.com\/embed\/v1KhzwZDmj4?modestbranding=1\" frameborder=\"0\" allowfullscreen><\/iframe><br \/>\n<br \/>O ministro Gilmar Mendes, em entrevista ao Roda Viva, ontem, atribuiu \u00e0 opera\u00e7\u00e3o Lava Jato o &#8220;germe do fascismo&#8221;, usando a cidade de Curitiba como refer\u00eancia \u00e0 Vara Criminal de Justi\u00e7a onde atuava Moro, e atribuindo \u00e0 opera\u00e7\u00e3o a elei\u00e7\u00e3o de Bolsonaro, representando o &#8220;fascismo&#8221;.<\/p>\n<p>A fala \u00e9 ofensiva em v\u00e1rias frente. Ofende os curitibanos, os eleitores de Bolsonaro, que representam praticamente metade do pa\u00eds, pelo menos, e a pr\u00f3pria Justi\u00e7a, j\u00e1 que os criminosos pegos pela opera\u00e7\u00e3o foram condenados em todas as inst\u00e2ncias, sendo descondenados apenas pelo Supremo. Neste caso, todas as inst\u00e2ncias da Justi\u00e7a foram &#8220;germe do fascismo&#8221;?<\/p>\n<p>Tamb\u00e9m \u00e9 curiosa, para dizer o m\u00ednimo, a cr\u00edtica \u00e0s &#8220;investiga\u00e7\u00f5es at\u00edpicas, \u00e0 sorrelfa&#8221;.<\/p>\n<p>J\u00e1 pensou se o ex-juiz Moro tivesse aberto investiga\u00e7\u00f5es de of\u00edcio, por iniciativa pr\u00f3pria, para investigar, censurar e prender os seus cr\u00edticos, atuando como investigador, acusador, julgador e v\u00edtima, ao mesmo tempo?<br \/>\n<br \/><a href=\"https:\/\/www.youtube.com\/watch?v=v1KhzwZDmj4\">source<\/a><\/p>","protected":false},"excerpt":{"rendered":"<p>O ministro Gilmar Mendes, em entrevista ao Roda Viva, ontem, atribuiu \u00e0 opera\u00e7\u00e3o Lava Jato o &#8220;germe do fascismo&#8221;, usando a cidade de Curitiba como refer\u00eancia \u00e0 Vara Criminal de&hellip;<\/p>","protected":false},"author":1,"featured_media":4996,"comment_status":"","ping_status":"open","sticky":false,"template":"","format":"standard","meta":{"content-type":"","footnotes":""},"categories":[1],"tags":[],"class_list":["post-4995","post","type-post","status-publish","format-standard","has-post-thumbnail","hentry","category-uncategorized"],"_links":{"self":[{"href":"https:\/\/tvbrazilusa.com\/pt\/wp-json\/wp\/v2\/posts\/4995","targetHints":{"allow":["GET"]}}],"collection":[{"href":"https:\/\/tvbrazilusa.com\/pt\/wp-json\/wp\/v2\/posts"}],"about":[{"href":"https:\/\/tvbrazilusa.com\/pt\/wp-json\/wp\/v2\/types\/post"}],"author":[{"embeddable":true,"href":"https:\/\/tvbrazilusa.com\/pt\/wp-json\/wp\/v2\/users\/1"}],"replies":[{"embeddable":true,"href":"https:\/\/tvbrazilusa.com\/pt\/wp-json\/wp\/v2\/comments?post=4995"}],"version-history":[{"count":0,"href":"https:\/\/tvbrazilusa.com\/pt\/wp-json\/wp\/v2\/posts\/4995\/revisions"}],"wp:featuredmedia":[{"embeddable":true,"href":"https:\/\/tvbrazilusa.com\/pt\/wp-json\/wp\/v2\/media\/4996"}],"wp:attachment":[{"href":"https:\/\/tvbrazilusa.com\/pt\/wp-json\/wp\/v2\/media?parent=4995"}],"wp:term":[{"taxonomy":"category","embeddable":true,"href":"https:\/\/tvbrazilusa.com\/pt\/wp-json\/wp\/v2\/categories?post=4995"},{"taxonomy":"post_tag","embeddable":true,"href":"https:\/\/tvbrazilusa.com\/pt\/wp-json\/wp\/v2\/tags?post=4995"}],"curies":[{"name":"wp","href":"https:\/\/api.w.org\/{rel}","templated":true}]}}