{"id":4997,"date":"2024-07-21T12:45:00","date_gmt":"2024-07-21T12:45:00","guid":{"rendered":"https:\/\/tvbrazilusa.com\/2024\/07\/21\/ye-s7-e-o-novo-suv-eletrico-da-honda\/"},"modified":"2024-07-21T12:48:48","modified_gmt":"2024-07-21T12:48:48","slug":"ye-s7-e-o-novo-suv-eletrico-da-honda","status":"publish","type":"post","link":"https:\/\/tvbrazilusa.com\/pt\/2024\/07\/21\/ye-s7-e-o-novo-suv-eletrico-da-honda\/","title":{"rendered":"Ye S7 \u00e9 o novo SUV el\u00e9trico da Honda"},"content":{"rendered":"<p> <script async src=\"https:\/\/pagead2.googlesyndication.com\/pagead\/js\/adsbygoogle.js?client=ca-pub-8864793242727901\"\r\n     crossorigin=\"anonymous\"><\/script><br \/>\n<\/p>\n<div>\n<p>Em uma jogada audaciosa para se estabelecer firmemente no mercado de <strong>ve\u00edculos el\u00e9tricos<\/strong> chin\u00eas, a Honda lan\u00e7ou sua mais nova submarca \u201cYe\u201d, e o primeiro modelo j\u00e1 est\u00e1 causando alvoro\u00e7o. Trata-se do <strong>Honda Ye S7<\/strong>, um SUV el\u00e9trico que promete revolucionar o segmento com suas caracter\u00edsticas inovadoras e design arrojado. Com um lan\u00e7amento previsto para o final de 2024, o modelo promete competir com grandes nomes do setor.<\/p>\n<p>Como parte de um plano ambicioso, a Honda pretende introduzir at\u00e9 dez carros el\u00e9tricos espec\u00edficos para o mercado chin\u00eas at\u00e9 2027. Este esfor\u00e7o n\u00e3o s\u00f3 sublinha o compromisso da marca com a inova\u00e7\u00e3o e sustentabilidade, mas tamb\u00e9m destaca a import\u00e2ncia estrat\u00e9gica do mercado chin\u00eas para fabricantes de autom\u00f3veis globais.<\/p>\n<h2>Que diferenciais o Honda Ye S7 oferece?<\/h2>\n<p>O Honda Ye S7 se destaca n\u00e3o apenas pela sua propuls\u00e3o el\u00e9trica, mas tamb\u00e9m pelo seu design que incorpora elementos de v\u00e1rias marcas de luxo, mostrando um visual imponente e moderno. Com 4,75 metros de comprimento e 1,93 metros de largura, seu tamanho \u00e9 compar\u00e1vel ao do Jeep Commander, por\u00e9m, oferece um espa\u00e7o interno superior, gra\u00e7as a um entre-eixos de 2,93 metros.<\/p>\n<h2>Design inovador e recursos de alta tecnologia<\/h2>\n<p>A frente do ve\u00edculo remete a modelos desportivos como o Lamborghini, enquanto a lateral e a traseira trazem refer\u00eancias a marcas premium como Audi e Cadillac. O interior \u00e9 igualmente impressionante, apresentando um design minimalista que enfatiza uma grande central multim\u00eddia e um painel de instrumentos discreto. O uso de materiais de alta qualidade e ilumina\u00e7\u00e3o ambiente contribui para uma sensa\u00e7\u00e3o de luxo e conforto.<\/p>\n<h2>Performance e capacidade<\/h2>\n<p>O S7 ser\u00e1 oferecido em duas configura\u00e7\u00f5es de motoriza\u00e7\u00e3o. A vers\u00e3o de entrada possui um motor el\u00e9trico traseiro de 272 cv, enquanto a vers\u00e3o mais avan\u00e7ada adiciona um motor dianteiro, totalizando uma tra\u00e7\u00e3o integral e um impressionante total de 476 cv. Embora os detalhes espec\u00edficos sobre a capacidade das baterias e autonomia ainda n\u00e3o tenham sido divulgados oficialmente, espera-se que o ve\u00edculo ofere\u00e7a mais de 500 km de alcance, segundo estimativas baseadas em dados preliminares.<\/p>\n<p>Este SUV n\u00e3o \u00e9 apenas um passo para a Honda na domina\u00e7\u00e3o do mercado de el\u00e9tricos, mas tamb\u00e9m uma amostra do que a tecnologia moderna pode inserir em termos de performance e efici\u00eancia. Com sua combina\u00e7\u00e3o de design inovador, avan\u00e7adas tecnologias de motoriza\u00e7\u00e3o e um compromisso com a qualidade, o Honda Ye S7 est\u00e1 pronto para definir novos padr\u00f5es no mercado de SUVs el\u00e9tricos na China.<\/p>\n<p>A iniciativa da Honda de lan\u00e7ar uma submarca exclusivamente para o mercado chin\u00eas reflete uma tend\u00eancia maior da ind\u00fastria automotiva de personalizar produtos e estrat\u00e9gias para mercados espec\u00edficos, maximizando assim a relev\u00e2ncia e a efic\u00e1cia das solu\u00e7\u00f5es oferecidas aos consumidores locais. Este lan\u00e7amento n\u00e3o s\u00f3 refor\u00e7a a posi\u00e7\u00e3o da Honda como l\u00edder em inova\u00e7\u00e3o, mas tamb\u00e9m como uma marca comprometida com a sustentabilidade e o futuro da mobilidade el\u00e9trica.<\/p>\n<\/p><\/div>\n<p><br \/>\n<br \/><a href=\"https:\/\/terrabrasilnoticias.com\/2024\/07\/ye-s7-e-o-novo-suv-eletrico-da-honda\/\">Source link <\/a><\/p>","protected":false},"excerpt":{"rendered":"<p>Em uma jogada audaciosa para se estabelecer firmemente no mercado de ve\u00edculos el\u00e9tricos chin\u00eas, a Honda lan\u00e7ou sua mais nova submarca \u201cYe\u201d, e o primeiro modelo j\u00e1 est\u00e1 causando alvoro\u00e7o.&hellip;<\/p>","protected":false},"author":1,"featured_media":4998,"comment_status":"closed","ping_status":"open","sticky":false,"template":"","format":"standard","meta":{"content-type":"","footnotes":""},"categories":[16],"tags":[],"class_list":["post-4997","post","type-post","status-publish","format-standard","has-post-thumbnail","hentry","category-noticias"],"_links":{"self":[{"href":"https:\/\/tvbrazilusa.com\/pt\/wp-json\/wp\/v2\/posts\/4997","targetHints":{"allow":["GET"]}}],"collection":[{"href":"https:\/\/tvbrazilusa.com\/pt\/wp-json\/wp\/v2\/posts"}],"about":[{"href":"https:\/\/tvbrazilusa.com\/pt\/wp-json\/wp\/v2\/types\/post"}],"author":[{"embeddable":true,"href":"https:\/\/tvbrazilusa.com\/pt\/wp-json\/wp\/v2\/users\/1"}],"replies":[{"embeddable":true,"href":"https:\/\/tvbrazilusa.com\/pt\/wp-json\/wp\/v2\/comments?post=4997"}],"version-history":[{"count":1,"href":"https:\/\/tvbrazilusa.com\/pt\/wp-json\/wp\/v2\/posts\/4997\/revisions"}],"predecessor-version":[{"id":4999,"href":"https:\/\/tvbrazilusa.com\/pt\/wp-json\/wp\/v2\/posts\/4997\/revisions\/4999"}],"wp:featuredmedia":[{"embeddable":true,"href":"https:\/\/tvbrazilusa.com\/pt\/wp-json\/wp\/v2\/media\/4998"}],"wp:attachment":[{"href":"https:\/\/tvbrazilusa.com\/pt\/wp-json\/wp\/v2\/media?parent=4997"}],"wp:term":[{"taxonomy":"category","embeddable":true,"href":"https:\/\/tvbrazilusa.com\/pt\/wp-json\/wp\/v2\/categories?post=4997"},{"taxonomy":"post_tag","embeddable":true,"href":"https:\/\/tvbrazilusa.com\/pt\/wp-json\/wp\/v2\/tags?post=4997"}],"curies":[{"name":"wp","href":"https:\/\/api.w.org\/{rel}","templated":true}]}}