{"id":50005,"date":"2024-10-20T02:16:29","date_gmt":"2024-10-20T02:16:29","guid":{"rendered":"https:\/\/tvbrazilusa.com\/2024\/10\/20\/mae-que-decapitou-filho-tem-seu-corpo-desenterrado-e-queimado-por-populares-entenda-mais-sobre-o-caso\/"},"modified":"2024-10-20T02:16:30","modified_gmt":"2024-10-20T02:16:30","slug":"mae-que-decapitou-filho-tem-seu-corpo-desenterrado-e-queimado-por-populares-entenda-mais-sobre-o-caso","status":"publish","type":"post","link":"https:\/\/tvbrazilusa.com\/pt\/2024\/10\/20\/mae-que-decapitou-filho-tem-seu-corpo-desenterrado-e-queimado-por-populares-entenda-mais-sobre-o-caso\/","title":{"rendered":"M\u00e3e que decapitou filho tem seu corpo desenterrado e queimado por populares; entenda mais sobre o caso"},"content":{"rendered":"<p> <script async src=\"https:\/\/pagead2.googlesyndication.com\/pagead\/js\/adsbygoogle.js?client=ca-pub-8864793242727901\"\r\n     crossorigin=\"anonymous\"><\/script><br \/>\n<\/p>\n<div id=\"taboola-read-more\" style=\"display:block; width:100%\">\n<p>Na madrugada deste s\u00e1bado (19\/10), o corpo de Maria Ros\u00e1lia Gon\u00e7alves Mendes, de 26 anos, foi desenterrado e queimado no cemit\u00e9rio de Itamb\u00e9, munic\u00edpio pernambucano localizado a 50 km de Jo\u00e3o Pessoa (PB) e que fica na divisa entre os estados de Pernambuco e Para\u00edba.\n<\/p>\n<p>Maria Ros\u00e1lia matou o pr\u00f3prio filho Miguel Ryan, de 6 anos, e o decapitou, em Jo\u00e3o Pessoa. O corpo dele foi enterrado no cemit\u00e9rio de Pedras de Fogo, cidade paraibana que faz divisa com Itamb\u00e9, no dia 21 de setembro, um dia ap\u00f3s o crime.<\/p>\n<p>Neste s\u00e1bado (19), pessoas n\u00e3o identificadas abriram a cova e atearam fogo no corpo da mulher, que cometeu o crime e morreu 28 dias depois devido a uma infec\u00e7\u00e3o generalizada. Ela foi socorrida e internada no Hospital de Trauma de Jo\u00e3o Pessoa ap\u00f3s precisar ser contida a tiros por policiais militares no dia em que matou o filho.\n<\/p>\n<p>Fonte: Metr\u00f3poles <\/p>\n<\/div>\n<p><br \/>\n<br \/><a href=\"https:\/\/diariodobrasilnoticias.com.br\/noticia\/mae-que-decapitou-filho-tem-seu-corpo-desenterrado-e-queimado-por-populares-entenda-mais-sobre-o-caso-67141bb587045\">Source link <\/a><\/p>","protected":false},"excerpt":{"rendered":"<p>Na madrugada deste s\u00e1bado (19\/10), o corpo de Maria Ros\u00e1lia Gon\u00e7alves Mendes, de 26 anos, foi desenterrado e queimado no cemit\u00e9rio de Itamb\u00e9, munic\u00edpio pernambucano localizado a 50 km de&hellip;<\/p>","protected":false},"author":1,"featured_media":50006,"comment_status":"closed","ping_status":"open","sticky":false,"template":"","format":"standard","meta":{"content-type":"","footnotes":""},"categories":[16],"tags":[123,2448,5313,1267],"class_list":["post-50005","post","type-post","status-publish","format-standard","has-post-thumbnail","hentry","category-noticias","tag-brasil","tag-diario","tag-noticia","tag-noticias"],"_links":{"self":[{"href":"https:\/\/tvbrazilusa.com\/pt\/wp-json\/wp\/v2\/posts\/50005","targetHints":{"allow":["GET"]}}],"collection":[{"href":"https:\/\/tvbrazilusa.com\/pt\/wp-json\/wp\/v2\/posts"}],"about":[{"href":"https:\/\/tvbrazilusa.com\/pt\/wp-json\/wp\/v2\/types\/post"}],"author":[{"embeddable":true,"href":"https:\/\/tvbrazilusa.com\/pt\/wp-json\/wp\/v2\/users\/1"}],"replies":[{"embeddable":true,"href":"https:\/\/tvbrazilusa.com\/pt\/wp-json\/wp\/v2\/comments?post=50005"}],"version-history":[{"count":1,"href":"https:\/\/tvbrazilusa.com\/pt\/wp-json\/wp\/v2\/posts\/50005\/revisions"}],"predecessor-version":[{"id":50007,"href":"https:\/\/tvbrazilusa.com\/pt\/wp-json\/wp\/v2\/posts\/50005\/revisions\/50007"}],"wp:featuredmedia":[{"embeddable":true,"href":"https:\/\/tvbrazilusa.com\/pt\/wp-json\/wp\/v2\/media\/50006"}],"wp:attachment":[{"href":"https:\/\/tvbrazilusa.com\/pt\/wp-json\/wp\/v2\/media?parent=50005"}],"wp:term":[{"taxonomy":"category","embeddable":true,"href":"https:\/\/tvbrazilusa.com\/pt\/wp-json\/wp\/v2\/categories?post=50005"},{"taxonomy":"post_tag","embeddable":true,"href":"https:\/\/tvbrazilusa.com\/pt\/wp-json\/wp\/v2\/tags?post=50005"}],"curies":[{"name":"wp","href":"https:\/\/api.w.org\/{rel}","templated":true}]}}