{"id":50014,"date":"2024-10-20T02:44:59","date_gmt":"2024-10-20T02:44:59","guid":{"rendered":"https:\/\/tvbrazilusa.com\/2024\/10\/20\/a-cinco-dias-do-segundo-turno-o-ex-presidente-bolsonaro-vai-participar-de-uma-churrascada-com-nunes-e-tarcisio\/"},"modified":"2024-10-20T02:45:00","modified_gmt":"2024-10-20T02:45:00","slug":"a-cinco-dias-do-segundo-turno-o-ex-presidente-bolsonaro-vai-participar-de-uma-churrascada-com-nunes-e-tarcisio","status":"publish","type":"post","link":"https:\/\/tvbrazilusa.com\/pt\/2024\/10\/20\/a-cinco-dias-do-segundo-turno-o-ex-presidente-bolsonaro-vai-participar-de-uma-churrascada-com-nunes-e-tarcisio\/","title":{"rendered":"A cinco dias do segundo turno, o ex-presidente Bolsonaro vai participar de uma churrascada com Nunes e Tarc\u00edsio"},"content":{"rendered":"<p> <script async src=\"https:\/\/pagead2.googlesyndication.com\/pagead\/js\/adsbygoogle.js?client=ca-pub-8864793242727901\"\r\n     crossorigin=\"anonymous\"><\/script><br \/>\n<\/p>\n<div id=\"taboola-read-more\" style=\"display:block; width:100%\">\n<p>O presidente Jair Bolsonaro (PL) confirmou presen\u00e7a em um almo\u00e7o de campanha do prefeito Ricardo Nunes (MDB), marcado para a pr\u00f3xima ter\u00e7a-feira (22\/10), cinco dias antes do segundo turno das elei\u00e7\u00f5es municipais em S\u00e3o Paulo. O encontro tamb\u00e9m contar\u00e1 com a presen\u00e7a do governador Tarc\u00edsio de Freitas (Republicanos), do ex-presidente Michel Temer, de deputados, de secret\u00e1rios como Gilberto Kassab (PSD) e mais de 350 empres\u00e1rios.\n<\/p>\n<p>A participa\u00e7\u00e3o de Bolsonaro na campanha de Nunes era aguardada desde o primeiro turno, mas o prefeito vinha dizendo que o ex-presidente n\u00e3o havia conseguido conciliar sua participa\u00e7\u00e3o em outras campanhas pelo pa\u00eds com a disputa na capital.<\/p>\n<p>O encontro foi organizado pela Confraria de Amigos do Vinho Eduardo Saddi (Caves), grupo que re\u00fane empres\u00e1rios e socialites da capital. No ano passado, em outro evento do grupo que contou com Nunes e Bolsonaro, antes de o ex-presidente formalizar apoio a Nunes, os organizadores pediram uni\u00e3o para derrotar Guilherme Boulos (PSol) nas elei\u00e7\u00f5es.\n<\/p>\n<p>O encontro deste ano ser\u00e1 em uma churrascaria do Morumbi, zona oeste da capital, e o ingresso, de R$ 350, est\u00e1 sendo oferecido para apoiadores indicados pela organiza\u00e7\u00e3o.\n<\/p>\n<p>Embora tenha se mantido distante de Nunes ao longo da campanha, Bolsonaro esteve em contato direto com o candidato a vice-prefeito, Coronel Mello Ara\u00fajo (PL), seu indicado de confian\u00e7a. Originalmente, o ex-presidente gravaria uma participa\u00e7\u00e3o para o programa eleitoral de Nunes na Companhia de Entrepostos e Armaz\u00e9ns Gerais de S\u00e3o Paulo (Ceagesp), \u00f3rg\u00e3o que Mello Ara\u00fajo comandou durante a gest\u00e3o de Bolsonaro.\n<\/p>\n<p>Nunes tem 51% das inten\u00e7\u00f5es de voto para a Prefeitura, segundo pesquisa divulgada nesta quinta-feira (17\/10) pelo Datafolha. Boulos tem 33%.\n<\/p>\n<p>Fonte: Metr\u00f3poles <\/p>\n<\/div>\n<p><br \/>\n<br \/><a href=\"https:\/\/diariodobrasilnoticias.com.br\/noticia\/a-cinco-dias-do-segundo-turno-o-ex-presidente-bolsonaro-vai-participar-de-uma-churrascada-com-nunes-e-tarcisio-67142d405c6a3\">Source link <\/a><\/p>","protected":false},"excerpt":{"rendered":"<p>O presidente Jair Bolsonaro (PL) confirmou presen\u00e7a em um almo\u00e7o de campanha do prefeito Ricardo Nunes (MDB), marcado para a pr\u00f3xima ter\u00e7a-feira (22\/10), cinco dias antes do segundo turno das&hellip;<\/p>","protected":false},"author":1,"featured_media":50015,"comment_status":"closed","ping_status":"open","sticky":false,"template":"","format":"standard","meta":{"content-type":"","footnotes":""},"categories":[16],"tags":[123,2448,5313,1267],"class_list":["post-50014","post","type-post","status-publish","format-standard","has-post-thumbnail","hentry","category-noticias","tag-brasil","tag-diario","tag-noticia","tag-noticias"],"_links":{"self":[{"href":"https:\/\/tvbrazilusa.com\/pt\/wp-json\/wp\/v2\/posts\/50014","targetHints":{"allow":["GET"]}}],"collection":[{"href":"https:\/\/tvbrazilusa.com\/pt\/wp-json\/wp\/v2\/posts"}],"about":[{"href":"https:\/\/tvbrazilusa.com\/pt\/wp-json\/wp\/v2\/types\/post"}],"author":[{"embeddable":true,"href":"https:\/\/tvbrazilusa.com\/pt\/wp-json\/wp\/v2\/users\/1"}],"replies":[{"embeddable":true,"href":"https:\/\/tvbrazilusa.com\/pt\/wp-json\/wp\/v2\/comments?post=50014"}],"version-history":[{"count":1,"href":"https:\/\/tvbrazilusa.com\/pt\/wp-json\/wp\/v2\/posts\/50014\/revisions"}],"predecessor-version":[{"id":50016,"href":"https:\/\/tvbrazilusa.com\/pt\/wp-json\/wp\/v2\/posts\/50014\/revisions\/50016"}],"wp:featuredmedia":[{"embeddable":true,"href":"https:\/\/tvbrazilusa.com\/pt\/wp-json\/wp\/v2\/media\/50015"}],"wp:attachment":[{"href":"https:\/\/tvbrazilusa.com\/pt\/wp-json\/wp\/v2\/media?parent=50014"}],"wp:term":[{"taxonomy":"category","embeddable":true,"href":"https:\/\/tvbrazilusa.com\/pt\/wp-json\/wp\/v2\/categories?post=50014"},{"taxonomy":"post_tag","embeddable":true,"href":"https:\/\/tvbrazilusa.com\/pt\/wp-json\/wp\/v2\/tags?post=50014"}],"curies":[{"name":"wp","href":"https:\/\/api.w.org\/{rel}","templated":true}]}}