{"id":50023,"date":"2024-10-20T03:20:21","date_gmt":"2024-10-20T03:20:21","guid":{"rendered":"https:\/\/tvbrazilusa.com\/2024\/10\/20\/pavimento-cede-e-engole-carro-apos-chuvas-em-brasilia-veja-fotos-tv-florida-usa-a-sua-tv-brasileira-nos-estados-unidos\/"},"modified":"2024-10-20T04:05:39","modified_gmt":"2024-10-20T04:05:39","slug":"pavimento-cede-e-engole-carro-apos-chuvas-em-brasilia-veja-fotos-tv-florida-usa-a-sua-tv-brasileira-nos-estados-unidos","status":"publish","type":"post","link":"https:\/\/tvbrazilusa.com\/pt\/2024\/10\/20\/pavimento-cede-e-engole-carro-apos-chuvas-em-brasilia-veja-fotos-tv-florida-usa-a-sua-tv-brasileira-nos-estados-unidos\/","title":{"rendered":"Pavimento cede e engole carro ap\u00f3s chuvas em Bras\u00edlia; veja fotos \u2013 TV Florida USA \u2013 A sua TV Brasileira nos Estados Unidos"},"content":{"rendered":"<p> <script async src=\"https:\/\/pagead2.googlesyndication.com\/pagead\/js\/adsbygoogle.js?client=ca-pub-8864793242727901\"\r\n     crossorigin=\"anonymous\"><\/script><br \/>\n<\/p>\n<div id=\"taboola-read-more\" style=\"display:block; width:100%\">\n<p>Uma cratera engoliu um carro neste s\u00e1bado (19.out.2024), em Bras\u00edlia, depois de fortes chuvas atingirem a capital no come\u00e7o da tarde. O epis\u00f3dio foi registrado na quadra 310 do bairro Asa Norte, na regi\u00e3o central da cidade.\n<\/p>\n<p>O espa\u00e7o que cedeu e fez com que o ve\u00edculo ca\u00edsse passou por obras de drenagem recentemente. Do outro lado da rua, as obras seguem em andamento. O Corpo de Bombeiros do Distrito Federal est\u00e1 no local para remover o carro do buraco.<\/p>\n<p>N\u00e3o haviam ocupante no ve\u00edculo no momento em que o solo cedeu. A \u00e1rea em que o carro estava \u00e9 comumente utilizada como estacionamento. Havia outros carros pr\u00f3ximos ao ve\u00edculo, mas os bombeiros isolaram a \u00e1rea assim que chegaram para avaliar a situa\u00e7\u00e3o.\n<\/p>\n<p>Veja imagens do carro na cratera:\n<\/p>\n<\/p>\n<p><img fetchpriority=\"high\" decoding=\"async\" src=\"https:\/\/static.poder360.com.br\/2024\/10\/carro-cratera-brasilia-3.jpg\" alt=\"\" width=\"1440\" height=\"1080\"\/>\n<\/p>\n<p><img decoding=\"async\" src=\"https:\/\/static.poder360.com.br\/2024\/10\/carro-cratera-brasilia-4.jpg\" alt=\"\" width=\"1440\" height=\"1080\"\/>\n<\/p>\n<p><strong>CHUVAS EM BRAS\u00cdLIA<\/strong>\n<\/p>\n<p>Depois de passar 157 dias sem chuvas, a capital federal entrou em seu per\u00edodo chuvoso. Em 2024, Bras\u00edlia teve o 2\u00ba pior per\u00edodo sem chuvas da s\u00e9rie hist\u00f3rica, ficando atr\u00e1s s\u00f3 do ano de 1963, quando passou 163 dias sem chover.\n<\/p>\n<p>Desde o in\u00edcio de outubro, a capital do pa\u00eds tem registrado fortes pancadas de chuva. Ainda n\u00e3o houve nenhuma ocorr\u00eancia grave como resultado das condi\u00e7\u00f5es metereol\u00f3gicas.\n<\/p>\n<p>Fonte: Poder360 <\/p>\n<\/div>\n<p><br \/>\n<br \/><a href=\"https:\/\/tvfloridausa.com\/2024\/10\/20\/pavimento-cede-e-engole-carro-apos-chuvas-em-brasilia-veja-fotos\/\">Source link <\/a><\/p>","protected":false},"excerpt":{"rendered":"<p>Uma cratera engoliu um carro neste s\u00e1bado (19.out.2024), em Bras\u00edlia, depois de fortes chuvas atingirem a capital no come\u00e7o da tarde. O epis\u00f3dio foi registrado na quadra 310 do bairro&hellip;<\/p>","protected":false},"author":1,"featured_media":50024,"comment_status":"closed","ping_status":"open","sticky":false,"template":"","format":"standard","meta":{"content-type":"","footnotes":""},"categories":[22],"tags":[],"class_list":["post-50023","post","type-post","status-publish","format-standard","has-post-thumbnail","hentry","category-tv-florida-usa"],"_links":{"self":[{"href":"https:\/\/tvbrazilusa.com\/pt\/wp-json\/wp\/v2\/posts\/50023","targetHints":{"allow":["GET"]}}],"collection":[{"href":"https:\/\/tvbrazilusa.com\/pt\/wp-json\/wp\/v2\/posts"}],"about":[{"href":"https:\/\/tvbrazilusa.com\/pt\/wp-json\/wp\/v2\/types\/post"}],"author":[{"embeddable":true,"href":"https:\/\/tvbrazilusa.com\/pt\/wp-json\/wp\/v2\/users\/1"}],"replies":[{"embeddable":true,"href":"https:\/\/tvbrazilusa.com\/pt\/wp-json\/wp\/v2\/comments?post=50023"}],"version-history":[{"count":1,"href":"https:\/\/tvbrazilusa.com\/pt\/wp-json\/wp\/v2\/posts\/50023\/revisions"}],"predecessor-version":[{"id":50025,"href":"https:\/\/tvbrazilusa.com\/pt\/wp-json\/wp\/v2\/posts\/50023\/revisions\/50025"}],"wp:featuredmedia":[{"embeddable":true,"href":"https:\/\/tvbrazilusa.com\/pt\/wp-json\/wp\/v2\/media\/50024"}],"wp:attachment":[{"href":"https:\/\/tvbrazilusa.com\/pt\/wp-json\/wp\/v2\/media?parent=50023"}],"wp:term":[{"taxonomy":"category","embeddable":true,"href":"https:\/\/tvbrazilusa.com\/pt\/wp-json\/wp\/v2\/categories?post=50023"},{"taxonomy":"post_tag","embeddable":true,"href":"https:\/\/tvbrazilusa.com\/pt\/wp-json\/wp\/v2\/tags?post=50023"}],"curies":[{"name":"wp","href":"https:\/\/api.w.org\/{rel}","templated":true}]}}