{"id":50045,"date":"2024-10-20T09:52:19","date_gmt":"2024-10-20T09:52:19","guid":{"rendered":"https:\/\/tvbrazilusa.com\/2024\/10\/20\/furacao-oscar-deve-atingir-cuba-neste-domingo-20-com-ventos-de-139-km-h-o-pais-esta-sem-energia-ha-mais-de-dois-dias\/"},"modified":"2024-10-20T09:52:20","modified_gmt":"2024-10-20T09:52:20","slug":"furacao-oscar-deve-atingir-cuba-neste-domingo-20-com-ventos-de-139-km-h-o-pais-esta-sem-energia-ha-mais-de-dois-dias","status":"publish","type":"post","link":"https:\/\/tvbrazilusa.com\/pt\/2024\/10\/20\/furacao-oscar-deve-atingir-cuba-neste-domingo-20-com-ventos-de-139-km-h-o-pais-esta-sem-energia-ha-mais-de-dois-dias\/","title":{"rendered":"Furac\u00e3o Oscar deve atingir Cuba neste domingo (20) com ventos de 139 km\/h; o pa\u00eds est\u00e1 sem energia h\u00e1 mais de dois dias"},"content":{"rendered":"<p> <script async src=\"https:\/\/pagead2.googlesyndication.com\/pagead\/js\/adsbygoogle.js?client=ca-pub-8864793242727901\"\r\n     crossorigin=\"anonymous\"><\/script><br \/>\n<\/p>\n<div id=\"taboola-read-more\" style=\"display:block; width:100%\">\n<p>O furac\u00e3o Oscar est\u00e1 prestes a atingir Cuba neste domingo (20), enquanto a popula\u00e7\u00e3o da ilha entra no terceiro dia de apag\u00e3o geral. O pa\u00eds enfrenta a pior crise em 30 anos e o fen\u00f4meno clim\u00e1tico pode piorar a escassez de alimentos e medicamentos.\n<\/p>\n<p>As autoridades do leste da ilha \u201cj\u00e1 trabalham arduamente para proteger a popula\u00e7\u00e3o e os recursos econ\u00f4micos, dada a imin\u00eancia do furac\u00e3o Oscar\u201d, garantiu o presidente Miguel D\u00edaz-Canel, em uma mensagem publicada s\u00e1bado \u00e0 noite na rede social X.<\/p>\n<p>Acompanhado por ventos de 139 km\/h, Oscar dever\u00e1 chegar ao leste de Cuba durante o dia de domingo. S\u00e3o esperadas fortes chuvas, segundo o Centro Nacional Americano de Furac\u00f5es (NHC).\n<\/p>\n<p>A chegada do furac\u00e3o associada ao gigantesco corte de energia, em curso desde sexta-feira (18) e que ocorre na sequ\u00eancia de cortes cr\u00f4nicos do abastecimento, torna mais dura a vida dos 10 milh\u00f5es de habitantes da ilha, que enfrentam ainda uma infla\u00e7\u00e3o galopante no pa\u00eds.\n<\/p>\n<p>Em outra mensagem no X, a presid\u00eancia cubana relatou avan\u00e7os na restaura\u00e7\u00e3o do sistema el\u00e9trico. \u201c16% dos consumidores j\u00e1 t\u00eam eletricidade e cerca de 500 megawatts est\u00e3o a ser gerados. O sistema continuar\u00e1 a aumentar a sua carga nas pr\u00f3ximas horas\u201d, prometeu.\n<\/p>\n<p>Para efeito de compara\u00e7\u00e3o, o pa\u00eds consumiu 3.300 megawatts na quinta-feira, um dia antes do apag\u00e3o total de energia ligado ao colapso da principal central t\u00e9rmica da ilha, localizada em Matanzas (oeste).\n<\/p>\n<p>Na quinta-feira, o presidente cubano anunciou que a ilha enfrentava uma \u201cemerg\u00eancia energ\u00e9tica\u201d por conta das dificuldades na aquisi\u00e7\u00e3o de combust\u00edvel necess\u00e1rio para abastecer suas centrais, em raz\u00e3o do refor\u00e7o do embargo imposto pelos EUA desde 1962.\n<\/p>\n<p>Habitantes cansados<br \/>Na noite de s\u00e1bado, a maior parte das \u00e1reas de Havana estavam \u00e0s escuras, exceto hot\u00e9is e hospitais equipados com geradores de emerg\u00eancia e as poucas resid\u00eancias particulares que possuem este tipo de equipamento.\n<\/p>\n<p>\u201cA situa\u00e7\u00e3o \u00e9 muito dif\u00edcil, mas procuro manter a calma, porque j\u00e1 existe muito estresse neste pa\u00eds\u201d, disse \u00e0 AFP Yaima Valladares, uma dan\u00e7arina de 28 anos.\n<\/p>\n<p>Isabel Rodriguez, de 72 anos, relata dificuldades para dormir, como muitos dos seus compatriotas, j\u00e1 que os ventiladores n\u00e3o podem ser ligados: fazia 27\u00b0C na noite deste s\u00e1bado, com humidade elevada que fazia a sensa\u00e7\u00e3o t\u00e9rmica ser de 32\u00b0C.\n<\/p>\n<p>O presidente D\u00edaz-Canel realizou uma reuni\u00e3o de supervis\u00e3o na noite de sexta-feira, durante a qual prometeu que n\u00e3o haveria descanso para os servi\u00e7os do Estado at\u00e9 que a eletricidade fosse totalmente restaurada na ilha.\n<\/p>\n<p>\u201cAs pessoas est\u00e3o um pouco irritadas porque h\u00e1 muito tempo que falta energia e s\u00f3 Deus sabe quando ser\u00e1 restabelecida\u201d, disse Rafael Carrillo, mec\u00e2nico de 41 anos, que disse ter caminhado quase cinco quil\u00f4metros devido \u00e0 falta de meios de transporte.\n<\/p>\n<p>\u201cFicamos quatro ou cinco horas esperando o guagua (\u00f4nibus) e, quando ele passa, est\u00e1 lotado e n\u00e3o para\u201d, contou ele, cansado.\n<\/p>\n<p>\u201cSem luz, \u00e9 quase imposs\u00edvel estudar\u201d, explica um jovem de 18 anos, que n\u00e3o quis se identificar. \u201cMeu telefone est\u00e1 sem bateria, n\u00e3o temos mais internet, a conex\u00e3o tamb\u00e9m desapareceu e n\u00e3o consigo ligar para a minha fam\u00edlia porque o telefone fixo tamb\u00e9m n\u00e3o est\u00e1 funcionando.\u201d\n<\/p>\n<p>Apag\u00e3o de 2021 e manifesta\u00e7\u00f5es hist\u00f3ricas em Cuba<br \/>H\u00e1 tr\u00eas meses, os cubanos sofrem cortes de energia cada vez mais frequentes, com um d\u00e9ficit energ\u00e9tico nacional de 30%. Na quinta-feira (17), esse d\u00e9ficit atingiu os 50%.\n<\/p>\n<p>Nas \u00faltimas semanas, em v\u00e1rias prov\u00edncias, os cortes de energia duraram mais de 20 horas por dia. Em Cuba, a luz \u00e9 produzida por oito centrais termel\u00e9tricas em ru\u00ednas, por vezes danificadas ou em manuten\u00e7\u00e3o, assim como v\u00e1rias centrais flutuantes \u2013 que o governo aluga de empresas turcas \u2013 e geradores.\n<\/p>\n<p>A maior parte desta infraestrutura requer combust\u00edvel para funcionar. Os cortes de energia foram um dos gatilhos dos protestos hist\u00f3ricos de 11 de julho de 2021 no pa\u00eds.\n<\/p>\n<p>Em setembro de 2022, a ilha sofreu um \u201capag\u00e3o\u201d generalizado ap\u00f3s a passagem do furac\u00e3o Ian, que atingiu o oeste cubano. O restabelecimento completo da luz levou v\u00e1rios dias, na capital, e v\u00e1rias semanas em toda a ilha.\n<\/p>\n<p>Fonte: g1 <\/p>\n<\/div>\n<p><br \/>\n<br \/><a href=\"https:\/\/diariodobrasilnoticias.com.br\/noticia\/furacao-oscar-deve-atingir-cuba-neste-domingo-20-com-ventos-de-139-km-h-o-pais-esta-sem-energia-ha-mais-de-dois-dias-6714d03e7f9f5\">Source link <\/a><\/p>","protected":false},"excerpt":{"rendered":"<p>O furac\u00e3o Oscar est\u00e1 prestes a atingir Cuba neste domingo (20), enquanto a popula\u00e7\u00e3o da ilha entra no terceiro dia de apag\u00e3o geral. O pa\u00eds enfrenta a pior crise em&hellip;<\/p>","protected":false},"author":1,"featured_media":50046,"comment_status":"closed","ping_status":"open","sticky":false,"template":"","format":"standard","meta":{"content-type":"","footnotes":""},"categories":[16],"tags":[123,2448,5313,1267],"class_list":["post-50045","post","type-post","status-publish","format-standard","has-post-thumbnail","hentry","category-noticias","tag-brasil","tag-diario","tag-noticia","tag-noticias"],"_links":{"self":[{"href":"https:\/\/tvbrazilusa.com\/pt\/wp-json\/wp\/v2\/posts\/50045","targetHints":{"allow":["GET"]}}],"collection":[{"href":"https:\/\/tvbrazilusa.com\/pt\/wp-json\/wp\/v2\/posts"}],"about":[{"href":"https:\/\/tvbrazilusa.com\/pt\/wp-json\/wp\/v2\/types\/post"}],"author":[{"embeddable":true,"href":"https:\/\/tvbrazilusa.com\/pt\/wp-json\/wp\/v2\/users\/1"}],"replies":[{"embeddable":true,"href":"https:\/\/tvbrazilusa.com\/pt\/wp-json\/wp\/v2\/comments?post=50045"}],"version-history":[{"count":1,"href":"https:\/\/tvbrazilusa.com\/pt\/wp-json\/wp\/v2\/posts\/50045\/revisions"}],"predecessor-version":[{"id":50047,"href":"https:\/\/tvbrazilusa.com\/pt\/wp-json\/wp\/v2\/posts\/50045\/revisions\/50047"}],"wp:featuredmedia":[{"embeddable":true,"href":"https:\/\/tvbrazilusa.com\/pt\/wp-json\/wp\/v2\/media\/50046"}],"wp:attachment":[{"href":"https:\/\/tvbrazilusa.com\/pt\/wp-json\/wp\/v2\/media?parent=50045"}],"wp:term":[{"taxonomy":"category","embeddable":true,"href":"https:\/\/tvbrazilusa.com\/pt\/wp-json\/wp\/v2\/categories?post=50045"},{"taxonomy":"post_tag","embeddable":true,"href":"https:\/\/tvbrazilusa.com\/pt\/wp-json\/wp\/v2\/tags?post=50045"}],"curies":[{"name":"wp","href":"https:\/\/api.w.org\/{rel}","templated":true}]}}