{"id":50057,"date":"2024-10-20T10:58:01","date_gmt":"2024-10-20T10:58:01","guid":{"rendered":"https:\/\/tvbrazilusa.com\/2024\/10\/20\/imagens-impressionantes-mostram-pescador-atravessando-o-lago-do-rei-no-amazonas-em-meio-a-inumeros-jacares-veja-video\/"},"modified":"2024-10-20T10:58:03","modified_gmt":"2024-10-20T10:58:03","slug":"imagens-impressionantes-mostram-pescador-atravessando-o-lago-do-rei-no-amazonas-em-meio-a-inumeros-jacares-veja-video","status":"publish","type":"post","link":"https:\/\/tvbrazilusa.com\/pt\/2024\/10\/20\/imagens-impressionantes-mostram-pescador-atravessando-o-lago-do-rei-no-amazonas-em-meio-a-inumeros-jacares-veja-video\/","title":{"rendered":"Imagens impressionantes mostram pescador atravessando o Lago do Rei no Amazonas em meio a in\u00fameros jacar\u00e9s; VEJA V\u00cdDEO"},"content":{"rendered":"<p> <script async src=\"https:\/\/pagead2.googlesyndication.com\/pagead\/js\/adsbygoogle.js?client=ca-pub-8864793242727901\"\r\n     crossorigin=\"anonymous\"><\/script><br \/>\n<\/p>\n<div id=\"taboola-read-more\" style=\"display:block; width:100%\">\n<p>V\u00eddeos que circulam nas redes sociais mostram uma \u00e1rea lotada de jacar\u00e9s, no Amazonas. Em entrevista ao g1, o pescador ribeirinho que fez os registros, Rainilson Souza, de 34 anos, disse neste s\u00e1bado (19), que as grava\u00e7\u00f5es foram feitas no Lago do Rei, perto do munic\u00edpio de Careiro da V\u00e1rzea, a 20 km da capital Manaus.\n<\/p>\n<p>Os dois v\u00eddeos feitos pelo ribeirinho mostram diversos jacar\u00e9s em bancos de areia, que apareceram no no lago em meio \u00e0 seca severa na regi\u00e3o. Um bi\u00f3logo ouvido pelo g1 explicou que os animais s\u00e3o da esp\u00e9cie jacar\u00e9-a\u00e7u, que pode chegar a at\u00e9 cinco metros.<\/p>\n<p>O ribeirinho afirma que n\u00e3o teve medo de passar de barco entre os animais, mas reconhece que a situa\u00e7\u00e3o foi perigosa.\n<\/p>\n<p>&#8220;Eu passo por ali h\u00e1 muito tempo, comecei a andar nesse lago desde os 12 anos. E sempre durante esse per\u00edodo de seca, independentemente da intensidade, os jacar\u00e9s aparecem&#8221; relatou Rainilson.\n<\/p>\n<p>Segundo ele, j\u00e1 houve ataque de jacar\u00e9-a\u00e7u a um morador da regi\u00e3o. &#8220;Foi h\u00e1 algum tempo. Ele estava pescando quando a canoa bateu em um jacar\u00e9, e o animal pegou o bra\u00e7o dele. Ele ficou internado por muito tempo,&#8221; contou Souza.\n<\/p>\n<p>As imagens, feitas no fim de setembro e no come\u00e7o de outubro, ganharam repercuss\u00e3o ap\u00f3s ele compartilhar os registros nas redes sociais. O pescador ribeirinho mant\u00e9m uma p\u00e1gina dedicada a registrar a fauna da regi\u00e3o onde vive. Ele afirma que sua motiva\u00e7\u00e3o vem do amor pela natureza.\n<\/p>\n<p>Ildean Fernandes, bi\u00f3logo especialista em crocodilianos amaz\u00f4nicos, explicou que os animais da esp\u00e9cie jacar\u00e9-a\u00e7u n\u00e3o costumam ficar aglomerados, como aparecem nas imagens.\n<\/p>\n<p>&#8220;O jacar\u00e9-a\u00e7u tem uma tend\u00eancia natural a ser solit\u00e1rio visto que \u00e9 um animal territorialista, apesar de ter intera\u00e7\u00f5es sociais. Por\u00e9m, essas intera\u00e7\u00f5es s\u00e3o limitadas principalmente durante a reprodu\u00e7\u00e3o e prote\u00e7\u00e3o dos filhotes. Por exemplo, n\u00e3o \u00e9 comum que esta esp\u00e9cie fique aglomerado dessa maneira&#8221;, diz o especialista.\n<\/p>\n<p>Fernandes ressalta, no entanto, que o animal apresenta o comportamento de se reunir em grupo em algumas circunst\u00e2ncias, inclusive durante per\u00edodos de seca.\n<\/p>\n<p>&#8220;Em algumas situa\u00e7\u00f5es eles podem ser observados pr\u00f3ximos uns dos outros, como em \u00e1reas de alta concentra\u00e7\u00e3o de alimento ou durante per\u00edodo de seca, quando os corpos d&#8217;\u00e1gua dispon\u00edveis se tornam limitados. No entanto, mesmo nesses casos, n\u00e3o h\u00e1 uma estrutura social ou coopera\u00e7\u00e3o entre eles&#8221;, disse o especialista.<br \/>O especialista afirma que, normalmente, os jacar\u00e9s dessa esp\u00e9cie n\u00e3o costumam representar risco para os humanos, exceto durante o per\u00edodo reprodutivo. Nessa \u00e9poca, os machos tentam proteger seus territ\u00f3rios nas margens de rios e lagos, enquanto as f\u00eameas podem se tornar agressivas para defender seus filhotes.\n<\/p>\n<p>&#8220;\u00c9 um animal de grande porte e bastante arisco, ou seja, sens\u00edvel a mudan\u00e7as abruptas no ambiente, como barulhos e impactos na \u00e1gua. Provavelmente, o som do motor os assustou, gerando a movimenta\u00e7\u00e3o vista nas imagens,&#8221; relatou o professor.\n<\/p>\n<p><strong>Seca no Amazonas<\/strong>\n<\/p>\n<p>Neste ano, o Amazonas enfrenta uma grave crise ambiental, resultado da combina\u00e7\u00e3o entre a seca dos rios e queimadas. Todas as calhas dos rios que cortam o estado est\u00e3o em situa\u00e7\u00e3o cr\u00edtica de seca.\n<\/p>\n<p>Manaus, por exemplo, vive a pior seca do Rio Negro em mais de 120 anos, alterando drasticamente o cen\u00e1rio da cidade. A situa\u00e7\u00e3o se estende a todos os 61 munic\u00edpios do Amazonas, com mais de 800 mil pessoas afetadas por esse fen\u00f4meno.\n<\/p>\n<p>Veja v\u00eddeo:\n<\/p>\n<p>Fonte: g1 <\/p>\n<\/div>\n<p><br \/>\n<br \/><a href=\"https:\/\/diariodobrasilnoticias.com.br\/noticia\/imagens-impressionantes-mostram-pescador-atravessando-o-lago-do-rei-no-amazonas-em-meio-a-inumeros-jacares-veja-video-6714dbf4dc8b0\">Source link <\/a><\/p>","protected":false},"excerpt":{"rendered":"<p>V\u00eddeos que circulam nas redes sociais mostram uma \u00e1rea lotada de jacar\u00e9s, no Amazonas. Em entrevista ao g1, o pescador ribeirinho que fez os registros, Rainilson Souza, de 34 anos,&hellip;<\/p>","protected":false},"author":1,"featured_media":50058,"comment_status":"closed","ping_status":"open","sticky":false,"template":"","format":"standard","meta":{"content-type":"","footnotes":""},"categories":[16],"tags":[123,2448,5313,1267],"class_list":["post-50057","post","type-post","status-publish","format-standard","has-post-thumbnail","hentry","category-noticias","tag-brasil","tag-diario","tag-noticia","tag-noticias"],"_links":{"self":[{"href":"https:\/\/tvbrazilusa.com\/pt\/wp-json\/wp\/v2\/posts\/50057","targetHints":{"allow":["GET"]}}],"collection":[{"href":"https:\/\/tvbrazilusa.com\/pt\/wp-json\/wp\/v2\/posts"}],"about":[{"href":"https:\/\/tvbrazilusa.com\/pt\/wp-json\/wp\/v2\/types\/post"}],"author":[{"embeddable":true,"href":"https:\/\/tvbrazilusa.com\/pt\/wp-json\/wp\/v2\/users\/1"}],"replies":[{"embeddable":true,"href":"https:\/\/tvbrazilusa.com\/pt\/wp-json\/wp\/v2\/comments?post=50057"}],"version-history":[{"count":1,"href":"https:\/\/tvbrazilusa.com\/pt\/wp-json\/wp\/v2\/posts\/50057\/revisions"}],"predecessor-version":[{"id":50059,"href":"https:\/\/tvbrazilusa.com\/pt\/wp-json\/wp\/v2\/posts\/50057\/revisions\/50059"}],"wp:featuredmedia":[{"embeddable":true,"href":"https:\/\/tvbrazilusa.com\/pt\/wp-json\/wp\/v2\/media\/50058"}],"wp:attachment":[{"href":"https:\/\/tvbrazilusa.com\/pt\/wp-json\/wp\/v2\/media?parent=50057"}],"wp:term":[{"taxonomy":"category","embeddable":true,"href":"https:\/\/tvbrazilusa.com\/pt\/wp-json\/wp\/v2\/categories?post=50057"},{"taxonomy":"post_tag","embeddable":true,"href":"https:\/\/tvbrazilusa.com\/pt\/wp-json\/wp\/v2\/tags?post=50057"}],"curies":[{"name":"wp","href":"https:\/\/api.w.org\/{rel}","templated":true}]}}