{"id":50060,"date":"2024-10-20T11:13:44","date_gmt":"2024-10-20T11:13:44","guid":{"rendered":"https:\/\/tvbrazilusa.com\/2024\/10\/20\/veja-quais-foram-os-argumentos-apresentados-pelos-ministros-andre-mendonca-e-nunes-marques-para-absolver-os-presos-do-8-de-janeiro\/"},"modified":"2024-10-20T11:13:46","modified_gmt":"2024-10-20T11:13:46","slug":"veja-quais-foram-os-argumentos-apresentados-pelos-ministros-andre-mendonca-e-nunes-marques-para-absolver-os-presos-do-8-de-janeiro","status":"publish","type":"post","link":"https:\/\/tvbrazilusa.com\/pt\/2024\/10\/20\/veja-quais-foram-os-argumentos-apresentados-pelos-ministros-andre-mendonca-e-nunes-marques-para-absolver-os-presos-do-8-de-janeiro\/","title":{"rendered":"Veja quais foram os argumentos apresentados pelos ministros Andr\u00e9 Mendon\u00e7a e Nunes Marques para absolver os presos do 8 de janeiro"},"content":{"rendered":"<p> <script async src=\"https:\/\/pagead2.googlesyndication.com\/pagead\/js\/adsbygoogle.js?client=ca-pub-8864793242727901\"\r\n     crossorigin=\"anonymous\"><\/script><br \/>\n<\/p>\n<div id=\"taboola-read-more\" style=\"display:block; width:100%\">\n<p>Durante o julgamento no plen\u00e1rio virtual que condenou ontem 15 manifestantes do 8 de janeiro, os ministros Andr\u00e9 Mendon\u00e7a e Nunes Marques, do Supremo Tribunal Federal (STF), foram os \u00fanicos a divergirem da maioria que sentenciou os envolvidos a um ano de reclus\u00e3o, mais obriga\u00e7\u00f5es adicionais.\n<\/p>\n<p>Essas pessoas s\u00e3o da primeira leva que n\u00e3o aceitou o acordo de n\u00e3o persecu\u00e7\u00e3o penal (ANPP) da Procuradoria-Geral da Rep\u00fablica (PGR).<\/p>\n<p>Conforme a pena, os manifestantes pegaram 1 ano de reclus\u00e3o. Al\u00e9m disso, v\u00e3o ter de obedecer a uma s\u00e9rie de medidas, algumas delas, previstas no ANPP da PGR.\n<\/p>\n<p>Mendon\u00e7a reiterou a incompet\u00eancia do STF para julgar os manifestantes e defendeu a individualiza\u00e7\u00e3o na an\u00e1lise dos casos. \u201cAs den\u00fancias, de teor praticamente id\u00eantico, n\u00e3o individualizaram suficientemente as condutas\u201d, constatou o juiz do STF. \u201cO problema desta narrativa da acusa\u00e7\u00e3o, por\u00e9m, \u00e9 que ela pressup\u00f5e, sem comprova\u00e7\u00e3o, uma absoluta uniformidade e homogeneidade daquela massa de pessoas. Ademais, acaba por implicar responsabiliza\u00e7\u00e3o objetiva dos denunciados, pelo simples fato de estarem no acampamento.\u201d\n<\/p>\n<p>Adiante, Mendon\u00e7a observou que, embora pudesse haver pessoas mal-intencionadas no local, \u201ctais circunst\u00e2ncias, todavia, n\u00e3o autorizam a presun\u00e7\u00e3o de que rigorosamente todos que l\u00e1 estavam agiam com as mesmas inten\u00e7\u00f5es e, portanto, n\u00e3o permitem a imputa\u00e7\u00e3o uniforme contra todas aquelas pessoas, sem que se apontem elementos que demonstrem, individualmente, a culpabilidade subjetiva de cada qual\u201d.\n<\/p>\n<p>O ministro falou ainda em \u201caus\u00eancia de provas aptas\u201d contra os denunciados e citou a Defensoria P\u00fablica da Uni\u00e3o (DPU). \u201cComo afirmado pela DPU, os diversos interrogat\u00f3rios realizados nas centenas de a\u00e7\u00f5es penais mostraram que \u2018entre os presos havia pessoas, por exemplo, que iam ao acampamento vender bugigangas, trabalhar como cozinheira, comer\u2019, por isso, essas pr\u00e1ticas est\u00e3o longe de ser criminosas e n\u00e3o indicam qualquer<br \/>ades\u00e3o a crime\u201d. Para Mendon\u00e7a, os r\u00e9us deveriam ser absolvidos.\n<\/p>\n<p>Nunes Marques usou argumentos semelhantes aos de Mendon\u00e7a. O magistrado tamb\u00e9m constatou que o STF \u00e9 incompetente para julgar os manifestantes.\n<\/p>\n<p>Al\u00e9m disso, argumentou que a aus\u00eancia de individualiza\u00e7\u00e3o da conduta provoca \u201cles\u00e3o ao contradit\u00f3rio e ao exerc\u00edcio do direito \u00e0 ampla defesa\u201d.\n<\/p>\n<p>\u201cA responsabiliza\u00e7\u00e3o penal coletiva, sem qualquer distin\u00e7\u00e3o a beneficiar aqueles que n\u00e3o concorreram, de forma dolosa, direta ou indiretamente, para a pr\u00e1tica dos crimes a si imputados, al\u00e9m de vedada em nosso sistema, revela n\u00edtida despersonaliza\u00e7\u00e3o\u201d, afirmou o ministro. \u201cTal abordagem transforma o indiv\u00edduo em mero objeto do processo penal, como se fosse integrante de uma entidade abstrata dotada, unitariamente, de responsabilidade criminal.\u201d\n<\/p>\n<p>De acordo com Nunes Marques, \u201ca fragilidade das provas produzidas na fase administrativa era evidente, tanto que, no momento do oferecimento da den\u00fancia, a pr\u00f3pria acusa\u00e7\u00e3o reconheceu a necessidade de dilig\u00eancias complementares para identificar a parte denunciada como autora dos fatos\u201d.\n<\/p>\n<p>\u201cDessa forma, n\u00e3o havia suporte probat\u00f3rio suficiente sequer para o recebimento da den\u00fancia, dada a aus\u00eancia de ind\u00edcios fundados de autoria\u201d, disse o magistrado.\n<\/p>\n<p>Segundo o magistrado, a acusa\u00e7\u00e3o n\u00e3o conseguiu reunir \u201celementos probat\u00f3rios suficientes\u201d contra os manifestantes.\n<\/p>\n<p>Fonte: Revista Oeste <\/p>\n<\/div>\n<p><br \/>\n<br \/><a href=\"https:\/\/diariodobrasilnoticias.com.br\/noticia\/veja-quais-foram-os-argumentos-apresentados-pelos-ministros-andre-mendonca-e-nunes-marques-para-absolver-os-presos-do-8-de-janeiro-6714ce08ba088\">Source link <\/a><\/p>","protected":false},"excerpt":{"rendered":"<p>Durante o julgamento no plen\u00e1rio virtual que condenou ontem 15 manifestantes do 8 de janeiro, os ministros Andr\u00e9 Mendon\u00e7a e Nunes Marques, do Supremo Tribunal Federal (STF), foram os \u00fanicos&hellip;<\/p>","protected":false},"author":1,"featured_media":50061,"comment_status":"closed","ping_status":"open","sticky":false,"template":"","format":"standard","meta":{"content-type":"","footnotes":""},"categories":[16],"tags":[123,2448,5313,1267],"class_list":["post-50060","post","type-post","status-publish","format-standard","has-post-thumbnail","hentry","category-noticias","tag-brasil","tag-diario","tag-noticia","tag-noticias"],"_links":{"self":[{"href":"https:\/\/tvbrazilusa.com\/pt\/wp-json\/wp\/v2\/posts\/50060","targetHints":{"allow":["GET"]}}],"collection":[{"href":"https:\/\/tvbrazilusa.com\/pt\/wp-json\/wp\/v2\/posts"}],"about":[{"href":"https:\/\/tvbrazilusa.com\/pt\/wp-json\/wp\/v2\/types\/post"}],"author":[{"embeddable":true,"href":"https:\/\/tvbrazilusa.com\/pt\/wp-json\/wp\/v2\/users\/1"}],"replies":[{"embeddable":true,"href":"https:\/\/tvbrazilusa.com\/pt\/wp-json\/wp\/v2\/comments?post=50060"}],"version-history":[{"count":1,"href":"https:\/\/tvbrazilusa.com\/pt\/wp-json\/wp\/v2\/posts\/50060\/revisions"}],"predecessor-version":[{"id":50062,"href":"https:\/\/tvbrazilusa.com\/pt\/wp-json\/wp\/v2\/posts\/50060\/revisions\/50062"}],"wp:featuredmedia":[{"embeddable":true,"href":"https:\/\/tvbrazilusa.com\/pt\/wp-json\/wp\/v2\/media\/50061"}],"wp:attachment":[{"href":"https:\/\/tvbrazilusa.com\/pt\/wp-json\/wp\/v2\/media?parent=50060"}],"wp:term":[{"taxonomy":"category","embeddable":true,"href":"https:\/\/tvbrazilusa.com\/pt\/wp-json\/wp\/v2\/categories?post=50060"},{"taxonomy":"post_tag","embeddable":true,"href":"https:\/\/tvbrazilusa.com\/pt\/wp-json\/wp\/v2\/tags?post=50060"}],"curies":[{"name":"wp","href":"https:\/\/api.w.org\/{rel}","templated":true}]}}