{"id":50066,"date":"2024-10-20T11:30:09","date_gmt":"2024-10-20T11:30:09","guid":{"rendered":"https:\/\/tvbrazilusa.com\/2024\/10\/20\/ira-diz-que-ataque-ao-primeiro-ministro-de-israel-benjamin-netanyahu-foi-planejado-pelo-grupo-terrorista-hezbollah\/"},"modified":"2024-10-20T11:30:10","modified_gmt":"2024-10-20T11:30:10","slug":"ira-diz-que-ataque-ao-primeiro-ministro-de-israel-benjamin-netanyahu-foi-planejado-pelo-grupo-terrorista-hezbollah","status":"publish","type":"post","link":"https:\/\/tvbrazilusa.com\/pt\/2024\/10\/20\/ira-diz-que-ataque-ao-primeiro-ministro-de-israel-benjamin-netanyahu-foi-planejado-pelo-grupo-terrorista-hezbollah\/","title":{"rendered":"Ir\u00e3 diz que ataque ao primeiro-ministro de Israel, Benjamin Netanyahu, foi planejado pelo grupo terrorista Hezbollah"},"content":{"rendered":"<p> <script async src=\"https:\/\/pagead2.googlesyndication.com\/pagead\/js\/adsbygoogle.js?client=ca-pub-8864793242727901\"\r\n     crossorigin=\"anonymous\"><\/script><br \/>\n<\/p>\n<div id=\"taboola-read-more\" style=\"display:block; width:100%\">\n<p>O Ir\u00e3 afirmou neste s\u00e1bado (19) que o Hezbollah foi o respons\u00e1vel pelo ataque de drones realizado na casa do primeiro-ministro de Israel, Benjamin Netanyahu, na Cesareia, segundo informa\u00e7\u00f5es da Sky News Arabia.\n<\/p>\n<p>Em declara\u00e7\u00e3o \u00e0 imprensa neste s\u00e1bado, o porta-voz das For\u00e7as Armadas de Israel, Daniel Hagari, disse que a \u201cmiss\u00e3o ainda n\u00e3o terminou\u201d na guerra, apesar da morte do l\u00edder do Hamas, Yahya Sinwar.<\/p>\n<p>De acordo com a m\u00eddia internacional, avi\u00f5es israelenses lan\u00e7aram panfletos em Gaza com uma foto de Sinwar e a mensagem: \u201cO Hamas n\u00e3o governar\u00e1 mais Gaza.\u201d\n<\/p>\n<p>Netanyahu j\u00e1 havia se pronunciado em acusa\u00e7\u00e3o ao Netanyahu, bem como ao Ir\u00e3, de tentativa de assassinato contra ele e sua esposa, classificando a a\u00e7\u00e3o com um \u201cgrave erro\u201d.\n<\/p>\n<p>\u2013 Digo ao Ir\u00e3 e a seus proxies em seu eixo do mal: Qualquer um que tentar ferir os cidad\u00e3os de Israel pagar\u00e1 um pre\u00e7o alto. Continuaremos a eliminar os terroristas e aqueles que os enviam \u2013 escreveu o primeiro-ministro.\n<\/p>\n<p>E acrescentou:\n<\/p>\n<p>\u2013 Traremos nossos ref\u00e9ns de Gaza para casa. E devolveremos com seguran\u00e7a nossos cidad\u00e3os que vivem na fronteira norte para suas casas.\n<\/p>\n<p>Fonte: Pleno.News <\/p>\n<\/div>\n<p><br \/>\n<br \/><a href=\"https:\/\/diariodobrasilnoticias.com.br\/noticia\/ira-diz-que-ataque-ao-primeiro-ministro-de-israel-benjamin-netanyahu-foi-planejado-pelo-grupo-terrorista-hezbollah-6714e56ea5714\">Source link <\/a><\/p>","protected":false},"excerpt":{"rendered":"<p>O Ir\u00e3 afirmou neste s\u00e1bado (19) que o Hezbollah foi o respons\u00e1vel pelo ataque de drones realizado na casa do primeiro-ministro de Israel, Benjamin Netanyahu, na Cesareia, segundo informa\u00e7\u00f5es da&hellip;<\/p>","protected":false},"author":1,"featured_media":50067,"comment_status":"closed","ping_status":"open","sticky":false,"template":"","format":"standard","meta":{"content-type":"","footnotes":""},"categories":[16],"tags":[123,2448,5313,1267],"class_list":["post-50066","post","type-post","status-publish","format-standard","has-post-thumbnail","hentry","category-noticias","tag-brasil","tag-diario","tag-noticia","tag-noticias"],"_links":{"self":[{"href":"https:\/\/tvbrazilusa.com\/pt\/wp-json\/wp\/v2\/posts\/50066","targetHints":{"allow":["GET"]}}],"collection":[{"href":"https:\/\/tvbrazilusa.com\/pt\/wp-json\/wp\/v2\/posts"}],"about":[{"href":"https:\/\/tvbrazilusa.com\/pt\/wp-json\/wp\/v2\/types\/post"}],"author":[{"embeddable":true,"href":"https:\/\/tvbrazilusa.com\/pt\/wp-json\/wp\/v2\/users\/1"}],"replies":[{"embeddable":true,"href":"https:\/\/tvbrazilusa.com\/pt\/wp-json\/wp\/v2\/comments?post=50066"}],"version-history":[{"count":1,"href":"https:\/\/tvbrazilusa.com\/pt\/wp-json\/wp\/v2\/posts\/50066\/revisions"}],"predecessor-version":[{"id":50068,"href":"https:\/\/tvbrazilusa.com\/pt\/wp-json\/wp\/v2\/posts\/50066\/revisions\/50068"}],"wp:featuredmedia":[{"embeddable":true,"href":"https:\/\/tvbrazilusa.com\/pt\/wp-json\/wp\/v2\/media\/50067"}],"wp:attachment":[{"href":"https:\/\/tvbrazilusa.com\/pt\/wp-json\/wp\/v2\/media?parent=50066"}],"wp:term":[{"taxonomy":"category","embeddable":true,"href":"https:\/\/tvbrazilusa.com\/pt\/wp-json\/wp\/v2\/categories?post=50066"},{"taxonomy":"post_tag","embeddable":true,"href":"https:\/\/tvbrazilusa.com\/pt\/wp-json\/wp\/v2\/tags?post=50066"}],"curies":[{"name":"wp","href":"https:\/\/api.w.org\/{rel}","templated":true}]}}