{"id":50072,"date":"2024-10-20T12:05:44","date_gmt":"2024-10-20T12:05:44","guid":{"rendered":"https:\/\/tvbrazilusa.com\/2024\/10\/20\/conheca-a-historia-de-nerivan-o-gari-concursado-da-cidade-de-caraubas-pb-que-se-tornou-prefeito\/"},"modified":"2024-10-20T12:05:45","modified_gmt":"2024-10-20T12:05:45","slug":"conheca-a-historia-de-nerivan-o-gari-concursado-da-cidade-de-caraubas-pb-que-se-tornou-prefeito","status":"publish","type":"post","link":"https:\/\/tvbrazilusa.com\/pt\/2024\/10\/20\/conheca-a-historia-de-nerivan-o-gari-concursado-da-cidade-de-caraubas-pb-que-se-tornou-prefeito\/","title":{"rendered":"Conhe\u00e7a a hist\u00f3ria de Nerivan, o gari concursado da cidade de Cara\u00fabas (PB) que se tornou prefeito"},"content":{"rendered":"<p> <script async src=\"https:\/\/pagead2.googlesyndication.com\/pagead\/js\/adsbygoogle.js?client=ca-pub-8864793242727901\"\r\n     crossorigin=\"anonymous\"><\/script><br \/>\n<\/p>\n<div id=\"taboola-read-more\" style=\"display:block; width:100%\">\n<p>A vida de Nerivan Alvares de Lima, o Nerivan Gari (MDB), de 38 anos, mudou completamente em 6 de outubro, dia do primeiro turno das elei\u00e7\u00f5es. Gari concursado h\u00e1 quase 15 anos, ele foi eleito prefeito de Cara\u00fabas (PB), tornando-se o \u00fanico representante da categoria entre todos os eleitos para o Executivo no Brasil.\n<\/p>\n<p>As elei\u00e7\u00f5es deste ano, conforme dados do Tribunal Superior Eleitoral (TSE), tiveram 432 candidatos garis. Desse total, apenas tr\u00eas concorreram a cargos de prefeito e, dentre eles, somente Nerivan saiu vencedor. Com isso, Cara\u00fabas, cidade paraibana que fica na divisa com Pernambuco e que tem pouco mais de 4 mil habitantes, \u00e9 a \u00fanica do pa\u00eds que ter\u00e1 um prefeito gari.<\/p>\n<p>\u201cAt\u00e9 outro dia, a gente era gari e agora passou a ser \u2018o patr\u00e3o\u2019, uma reviravolta grande demais. Com certeza, uma grande conquista\u201d, comemora ele, em entrevista ao Metr\u00f3poles.\n<\/p>\n<p>A vit\u00f3ria nas urnas teve um gosto especial para Nerivan. Nascido e criado na cidade, ele j\u00e1 havia se candidatado a prefeito em 2020 e obteve exatamente a mesma quantidade de votos que o advers\u00e1rio, que era o atual gestor em busca de reelei\u00e7\u00e3o. Cada um deles teve 1.761 votos e o gari perdeu a vaga no desempate por crit\u00e9rio de idade.\n<\/p>\n<p>A lei eleitoral estipula que, em caso de empate entre candidatos a prefeito em cidades onde n\u00e3o h\u00e1 eleitorado suficiente para justificar um segundo turno, a elei\u00e7\u00e3o \u00e9 desempatada conforme alguns crit\u00e9rios, e a idade \u00e9 o primeiro deles. Nesse caso, vence o candidato mais velho, e assim ocorreu em Cara\u00fabas.\n<\/p>\n<p>Vota\u00e7\u00e3o em 2020 elevou a confian\u00e7a<br \/>Apesar da derrota, a quantidade de votos obtida por Nerivan em 2020, primeira vez em que ele disputou a prefeitura, foi um sinal positivo. O gari, que vivia limpando as ruas da cidade e era desacreditado por muitos, em raz\u00e3o da estigmatiza\u00e7\u00e3o da profiss\u00e3o, surpreendeu e tornou-se um nome de peso.\n<\/p>\n<p>A primeira elei\u00e7\u00e3o disputada por ele foi em 2016, quando se elegeu vereador, com 209 votos. Entre 2017 e 2020, Nerivan conseguiu conciliar o mandato com a fun\u00e7\u00e3o de gari e, ao final do per\u00edodo, foi convidado por um grupo de vereadores para disputar a prefeitura.\n<\/p>\n<p>O sentimento imediato, \u00e0 \u00e9poca, foi de d\u00favida generalizada. \u201cFoi o momento de maior reflex\u00e3o. Fiquei fazendo v\u00e1rias perguntas para mim mesmo: e se eu perder? Como vai ser? E se eu ganhar? Por que eu sou candidato a prefeito? Qual \u00e9 o diferencial que tenho que ter? E como ser\u00e1 para a minha fam\u00edlia? Ter\u00e1 persegui\u00e7\u00e3o?\u201d, relembra ele.\n<\/p>\n<p>Passado o pleito, o empate foi comemorado como se fosse uma vit\u00f3ria e elevou a confian\u00e7a de Nerivan. O gari que duvidava de si passou a aceitar melhor a veia pol\u00edtica e acreditar no pr\u00f3prio potencial. \u201cFoi uma sensa\u00e7\u00e3o de dever cumprido, de que est\u00e1vamos no caminho certo, alinhados com os pensamentos das pessoas do nosso munic\u00edpio\u201d, descreve.\n<\/p>\n<p><strong>\u201cGalera do Gari\u201d<\/strong>\n<\/p>\n<p>Na pr\u00e9-campanha deste ano, ao ser escolhido novamente para disputar o cargo, o grupo em torno do gari ficou ainda maior, com apoio de outras lideran\u00e7as pol\u00edticas da regi\u00e3o. Rapidamente, motes eleitorais como \u201cGalera do Gari\u201d e \u201cEu T\u00f4 Com O Gari\u201d ganharam corpo e mobilizaram a maioria da popula\u00e7\u00e3o.\n<\/p>\n<p>Nerivan foi eleito com 2.276 votos, 54,58% do total de v\u00e1lidos. Em entrevista ao Metr\u00f3poles, ele se emocionou ao fazer um retrospecto da vida, desde o trabalho como gari at\u00e9 chegar \u00e0 prefeitura. \u201cEu nem sei o que dizer. N\u00e3o sei, \u00e9 uma vit\u00f3ria tremenda. Sair dali, de uma profiss\u00e3o mais dura, dif\u00edcil e muitas vezes discriminada, para se tornar o prefeito \u00e9 uma reviravolta\u201d, diz ele.\n<\/p>\n<p><strong>Discrimina\u00e7\u00e3o e persegui\u00e7\u00f5es: \u201c\u00e9 um doido\u201d<\/strong>\n<\/p>\n<p>A trajet\u00f3ria do prefeito eleito, no entanto, nem sempre foi de vit\u00f3rias. Nerivan \u00e9 o filho mais velho de um casal de agricultores e viveu a inf\u00e2ncia na zona rural, at\u00e9 os pais decidirem se mudar para a cidade em busca de melhores condi\u00e7\u00f5es de trabalho e de estudo para os filhos.\n<\/p>\n<p>Aos 23 anos, quando j\u00e1 namorava a atual esposa e tinha projetos de se casar, ele prestou o concurso da prefeitura, visando a estabilidade e a garantia dos planos futuros. \u201cEscolhi concorrer para gari, pois era o mais f\u00e1cil de passar e queria ficar garantido. Passei, fui convocado, as pessoas n\u00e3o acreditavam que a gente iria trabalhar, mas fui de imediato e comecei a trabalhar\u201d, conta ele.\n<\/p>\n<p>Na rotina da profiss\u00e3o, Nerivan viveu momentos de discrimina\u00e7\u00e3o, que reverberaram, inclusive, na disputa pol\u00edtica. Em 2020, por exemplo, era comum ouvir argumentos do lado advers\u00e1rio como: \u201c\u2018Um gari ganhar as elei\u00e7\u00f5es? Vai nada. Um gari n\u00e3o ganha. Por que ele \u00e9 candidato? Um homem desse \u00e9 doido\u2019, tinham essas perguntas na sociedade\u201d, exemplifica ele.\n<\/p>\n<p>Al\u00e9m disso, nos anos seguintes a 2020, ap\u00f3s a vota\u00e7\u00e3o empatada com o prefeito da cidade, o gari come\u00e7ou a ser fiscalizado de perto nas ruas do munic\u00edpio, com pessoas do lado contr\u00e1rio fazendo fotos e v\u00eddeos para dizer que ele n\u00e3o estava trabalhando. Para contrapor a \u201cpersegui\u00e7\u00e3o\u201d, Nerivan come\u00e7ou a fazer o mesmo, mas para se resguardar e comprovar a execu\u00e7\u00e3o do trabalho.\n<\/p>\n<p>\u201cEssa hist\u00f3ria mostra que voc\u00ea pode ser o que voc\u00ea quiser, basta acreditar, buscar conhecimento e fazer a coisa certa, com responsabilidade. N\u00e3o \u00e9 porque voc\u00ea \u00e9 gari que voc\u00ea n\u00e3o estudou ou \u00e9 um despreparado. \u00c9 uma profiss\u00e3o discriminada, mas n\u00e3o significa que a pessoa que est\u00e1 ali n\u00e3o tem condi\u00e7\u00e3o de conversar ou dialogar com quem quer que seja. Que as pessoas comecem a ver de maneira diferente qualquer profiss\u00e3o, e claro a de gari\u201d, diz Nerivan.\n<\/p>\n<p>Fonte: Metr\u00f3poles\n<\/p>\n<\/div>\n<p><br \/>\n<br \/><a href=\"https:\/\/diariodobrasilnoticias.com.br\/noticia\/conheca-a-historia-de-nerivan-o-gari-concursado-da-cidade-de-caraubas-pb-que-se-tornou-prefeito-6714d9762f091\">Source link <\/a><\/p>","protected":false},"excerpt":{"rendered":"<p>A vida de Nerivan Alvares de Lima, o Nerivan Gari (MDB), de 38 anos, mudou completamente em 6 de outubro, dia do primeiro turno das elei\u00e7\u00f5es. Gari concursado h\u00e1 quase&hellip;<\/p>","protected":false},"author":1,"featured_media":50073,"comment_status":"closed","ping_status":"open","sticky":false,"template":"","format":"standard","meta":{"content-type":"","footnotes":""},"categories":[16],"tags":[123,2448,5313,1267],"class_list":["post-50072","post","type-post","status-publish","format-standard","has-post-thumbnail","hentry","category-noticias","tag-brasil","tag-diario","tag-noticia","tag-noticias"],"_links":{"self":[{"href":"https:\/\/tvbrazilusa.com\/pt\/wp-json\/wp\/v2\/posts\/50072","targetHints":{"allow":["GET"]}}],"collection":[{"href":"https:\/\/tvbrazilusa.com\/pt\/wp-json\/wp\/v2\/posts"}],"about":[{"href":"https:\/\/tvbrazilusa.com\/pt\/wp-json\/wp\/v2\/types\/post"}],"author":[{"embeddable":true,"href":"https:\/\/tvbrazilusa.com\/pt\/wp-json\/wp\/v2\/users\/1"}],"replies":[{"embeddable":true,"href":"https:\/\/tvbrazilusa.com\/pt\/wp-json\/wp\/v2\/comments?post=50072"}],"version-history":[{"count":1,"href":"https:\/\/tvbrazilusa.com\/pt\/wp-json\/wp\/v2\/posts\/50072\/revisions"}],"predecessor-version":[{"id":50074,"href":"https:\/\/tvbrazilusa.com\/pt\/wp-json\/wp\/v2\/posts\/50072\/revisions\/50074"}],"wp:featuredmedia":[{"embeddable":true,"href":"https:\/\/tvbrazilusa.com\/pt\/wp-json\/wp\/v2\/media\/50073"}],"wp:attachment":[{"href":"https:\/\/tvbrazilusa.com\/pt\/wp-json\/wp\/v2\/media?parent=50072"}],"wp:term":[{"taxonomy":"category","embeddable":true,"href":"https:\/\/tvbrazilusa.com\/pt\/wp-json\/wp\/v2\/categories?post=50072"},{"taxonomy":"post_tag","embeddable":true,"href":"https:\/\/tvbrazilusa.com\/pt\/wp-json\/wp\/v2\/tags?post=50072"}],"curies":[{"name":"wp","href":"https:\/\/api.w.org\/{rel}","templated":true}]}}