{"id":50075,"date":"2024-10-20T12:20:45","date_gmt":"2024-10-20T12:20:45","guid":{"rendered":"https:\/\/tvbrazilusa.com\/2024\/10\/20\/corpo-cai-de-carro-funerario-e-motorista-que-vinha-atras-pensou-ter-atropelado-uma-pessoa-entenda-a-historia\/"},"modified":"2024-10-20T12:20:46","modified_gmt":"2024-10-20T12:20:46","slug":"corpo-cai-de-carro-funerario-e-motorista-que-vinha-atras-pensou-ter-atropelado-uma-pessoa-entenda-a-historia","status":"publish","type":"post","link":"https:\/\/tvbrazilusa.com\/pt\/2024\/10\/20\/corpo-cai-de-carro-funerario-e-motorista-que-vinha-atras-pensou-ter-atropelado-uma-pessoa-entenda-a-historia\/","title":{"rendered":"Corpo cai de carro funer\u00e1rio e motorista que vinha atr\u00e1s pensou ter atropelado uma pessoa; entenda a hist\u00f3ria"},"content":{"rendered":"<p> <script async src=\"https:\/\/pagead2.googlesyndication.com\/pagead\/js\/adsbygoogle.js?client=ca-pub-8864793242727901\"\r\n     crossorigin=\"anonymous\"><\/script><br \/>\n<\/p>\n<div id=\"taboola-read-more\" style=\"display:block; width:100%\">\n<p>Um corpo caiu de um carro funer\u00e1rio enquanto era transportado do necrot\u00e9rio \u00e0 funer\u00e1ria para iniciar os preparativos para o enterro. O incidente ocorreu na noite dessa sexta-feira (18\/10), na cidade de Stalowa Wola, na Pol\u00f4nia, a 280 km da capital, Vars\u00f3via.\n<\/p>\n<p>O motorista que vinha atr\u00e1s do carro funer\u00e1rio deu um depoimento \u00e0 m\u00eddia polonesa. Ele afirmou que, enquanto conduzia o seu ve\u00edculo pela avenida da cidade de 58 mil habitantes, sua vis\u00e3o foi repentinamente coberta por um len\u00e7ol branco. Ao parar bruscamente, o tecido escorregou e revelou o corpo de uma mulher ca\u00eddo no asfalto, pouco atr\u00e1s do carro, o que fez ele acreditar que havia atropelado algu\u00e9m.<\/p>\n<p>Levou alguns minutos para que ele entendesse que o corpo tinha ca\u00eddo do carro da frente. Segundo a funer\u00e1ria Hades, que era respons\u00e1vel pelo transporte do corpo, nunca um incidente deste tipo havia acontecido \u201ce n\u00e3o voltar\u00e1 a acontecer\u201d. \u201cO acidente foi resultado de uma infeliz falha t\u00e9cnica na trava el\u00e9trica da porta traseira do carro\u201d, justificou a empresa.\n<\/p>\n<p>A funer\u00e1ria assumiu a responsabilidade pelo acidente e afirmou que est\u00e1 em contato com a fam\u00edlia da mulher falecida para indeniz\u00e1-la. Segundo a m\u00eddia local, imagens do acidente circularam nas redes sociais polonesas.\n<\/p>\n<p>Fonte: Metr\u00f3poles <\/p>\n<\/div>\n<p><br \/>\n<br \/><a href=\"https:\/\/diariodobrasilnoticias.com.br\/noticia\/corpo-cai-de-carro-funerario-e-motorista-que-vinha-atras-pensou-ter-atropelado-uma-pessoa-entenda-a-historia-6714de23559b1\">Source link <\/a><\/p>","protected":false},"excerpt":{"rendered":"<p>Um corpo caiu de um carro funer\u00e1rio enquanto era transportado do necrot\u00e9rio \u00e0 funer\u00e1ria para iniciar os preparativos para o enterro. O incidente ocorreu na noite dessa sexta-feira (18\/10), na&hellip;<\/p>","protected":false},"author":1,"featured_media":50076,"comment_status":"closed","ping_status":"open","sticky":false,"template":"","format":"standard","meta":{"content-type":"","footnotes":""},"categories":[16],"tags":[123,2448,5313,1267],"class_list":["post-50075","post","type-post","status-publish","format-standard","has-post-thumbnail","hentry","category-noticias","tag-brasil","tag-diario","tag-noticia","tag-noticias"],"_links":{"self":[{"href":"https:\/\/tvbrazilusa.com\/pt\/wp-json\/wp\/v2\/posts\/50075","targetHints":{"allow":["GET"]}}],"collection":[{"href":"https:\/\/tvbrazilusa.com\/pt\/wp-json\/wp\/v2\/posts"}],"about":[{"href":"https:\/\/tvbrazilusa.com\/pt\/wp-json\/wp\/v2\/types\/post"}],"author":[{"embeddable":true,"href":"https:\/\/tvbrazilusa.com\/pt\/wp-json\/wp\/v2\/users\/1"}],"replies":[{"embeddable":true,"href":"https:\/\/tvbrazilusa.com\/pt\/wp-json\/wp\/v2\/comments?post=50075"}],"version-history":[{"count":1,"href":"https:\/\/tvbrazilusa.com\/pt\/wp-json\/wp\/v2\/posts\/50075\/revisions"}],"predecessor-version":[{"id":50077,"href":"https:\/\/tvbrazilusa.com\/pt\/wp-json\/wp\/v2\/posts\/50075\/revisions\/50077"}],"wp:featuredmedia":[{"embeddable":true,"href":"https:\/\/tvbrazilusa.com\/pt\/wp-json\/wp\/v2\/media\/50076"}],"wp:attachment":[{"href":"https:\/\/tvbrazilusa.com\/pt\/wp-json\/wp\/v2\/media?parent=50075"}],"wp:term":[{"taxonomy":"category","embeddable":true,"href":"https:\/\/tvbrazilusa.com\/pt\/wp-json\/wp\/v2\/categories?post=50075"},{"taxonomy":"post_tag","embeddable":true,"href":"https:\/\/tvbrazilusa.com\/pt\/wp-json\/wp\/v2\/tags?post=50075"}],"curies":[{"name":"wp","href":"https:\/\/api.w.org\/{rel}","templated":true}]}}