{"id":50102,"date":"2024-10-20T13:53:46","date_gmt":"2024-10-20T13:53:46","guid":{"rendered":"https:\/\/tvbrazilusa.com\/2024\/10\/20\/carro-sem-motorista-liga-sozinho-e-atropela-mulher-veja-video\/"},"modified":"2024-10-20T13:53:47","modified_gmt":"2024-10-20T13:53:47","slug":"carro-sem-motorista-liga-sozinho-e-atropela-mulher-veja-video","status":"publish","type":"post","link":"https:\/\/tvbrazilusa.com\/pt\/2024\/10\/20\/carro-sem-motorista-liga-sozinho-e-atropela-mulher-veja-video\/","title":{"rendered":"Carro sem motorista liga sozinho e atropela mulher; Veja v\u00eddeo"},"content":{"rendered":"<p> <script async src=\"https:\/\/pagead2.googlesyndication.com\/pagead\/js\/adsbygoogle.js?client=ca-pub-8864793242727901\"\r\n     crossorigin=\"anonymous\"><\/script><br \/>\n<\/p>\n<div id=\"taboola-read-more\" style=\"display:block; width:100%\">\n<p>Uma menina de dois anos estava dentro do carro sem motorista que acendeu os far\u00f3is e atropelou uma mulher em Cascavel, no oeste do Paran\u00e1. A crian\u00e7a estava na cadeirinha no banco de tr\u00e1s. A mulher atropelada \u00e9 Andressa Menegassi, de 30 anos, m\u00e3e da menina. Assista ao v\u00eddeo acima.\n<\/p>\n<p>Luis Carlos Cotienshi, tio de Andressa, contou que a sobrinha colocou a menina na cadeirinha, entrou no carro e, ao dar partida, o ve\u00edculo n\u00e3o ligou. Ela, ent\u00e3o, desceu do carro, abriu o cap\u00f4, e foi atropelada pelo pr\u00f3prio ve\u00edculo.<\/p>\n<p>\u201cEla foi abrir o cap\u00f4 para ver se a bateria estava solta ou algo assim, mas quando foi abrir o cap\u00f4, o carro funcionou sozinho, uma coisa sem explica\u00e7\u00e3o. A gente n\u00e3o sabe o que aconteceu\u201d, contou o tio em entrevista \u00e0 RPC.\n<\/p>\n<p>Nas imagens \u00e9 poss\u00edvel ver que Andressa tenta desviar, mas acaba sendo prensada contra a parede de um com\u00e9rcio. Ela teve uma fratura grave exposta em uma das pernas e foi levada ao Hospital Universit\u00e1rio (HU) de Cascavel.\n<\/p>\n<p>O caso foi registrado na quinta-feira (17). Ainda n\u00e3o se sabe o que fez ve\u00edculo avan\u00e7ar sobre a v\u00edtima.\n<\/p>\n<p>A menina de dois anos n\u00e3o se feriu porque usava corretamente a cadeirinha.\n<\/p>\n<p>Andressa precisou passar por cirurgias, mas, apesar dos ferimentos e do susto, o tio garante que ela est\u00e1 em recupera\u00e7\u00e3o e passa bem. Ainda n\u00e3o h\u00e1 previs\u00e3o de alta hospitalar.\n<\/p>\n<p>Veja v\u00eddeo:\u00a0\n<\/p>\n<p>Fonte: g1 <\/p>\n<\/div>\n<p><br \/>\n<br \/><a href=\"https:\/\/diariodobrasilnoticias.com.br\/noticia\/carro-sem-motorista-liga-sozinho-e-atropela-mulher-veja-video-6714f74286905\">Source link <\/a><\/p>","protected":false},"excerpt":{"rendered":"<p>Uma menina de dois anos estava dentro do carro sem motorista que acendeu os far\u00f3is e atropelou uma mulher em Cascavel, no oeste do Paran\u00e1. A crian\u00e7a estava na cadeirinha&hellip;<\/p>","protected":false},"author":1,"featured_media":50103,"comment_status":"closed","ping_status":"open","sticky":false,"template":"","format":"standard","meta":{"content-type":"","footnotes":""},"categories":[16],"tags":[123,2448,5313,1267],"class_list":["post-50102","post","type-post","status-publish","format-standard","has-post-thumbnail","hentry","category-noticias","tag-brasil","tag-diario","tag-noticia","tag-noticias"],"_links":{"self":[{"href":"https:\/\/tvbrazilusa.com\/pt\/wp-json\/wp\/v2\/posts\/50102","targetHints":{"allow":["GET"]}}],"collection":[{"href":"https:\/\/tvbrazilusa.com\/pt\/wp-json\/wp\/v2\/posts"}],"about":[{"href":"https:\/\/tvbrazilusa.com\/pt\/wp-json\/wp\/v2\/types\/post"}],"author":[{"embeddable":true,"href":"https:\/\/tvbrazilusa.com\/pt\/wp-json\/wp\/v2\/users\/1"}],"replies":[{"embeddable":true,"href":"https:\/\/tvbrazilusa.com\/pt\/wp-json\/wp\/v2\/comments?post=50102"}],"version-history":[{"count":1,"href":"https:\/\/tvbrazilusa.com\/pt\/wp-json\/wp\/v2\/posts\/50102\/revisions"}],"predecessor-version":[{"id":50104,"href":"https:\/\/tvbrazilusa.com\/pt\/wp-json\/wp\/v2\/posts\/50102\/revisions\/50104"}],"wp:featuredmedia":[{"embeddable":true,"href":"https:\/\/tvbrazilusa.com\/pt\/wp-json\/wp\/v2\/media\/50103"}],"wp:attachment":[{"href":"https:\/\/tvbrazilusa.com\/pt\/wp-json\/wp\/v2\/media?parent=50102"}],"wp:term":[{"taxonomy":"category","embeddable":true,"href":"https:\/\/tvbrazilusa.com\/pt\/wp-json\/wp\/v2\/categories?post=50102"},{"taxonomy":"post_tag","embeddable":true,"href":"https:\/\/tvbrazilusa.com\/pt\/wp-json\/wp\/v2\/tags?post=50102"}],"curies":[{"name":"wp","href":"https:\/\/api.w.org\/{rel}","templated":true}]}}