{"id":50117,"date":"2024-10-20T15:30:26","date_gmt":"2024-10-20T15:30:26","guid":{"rendered":"https:\/\/tvbrazilusa.com\/2024\/10\/20\/curso-do-alto-comando-do-exercito-vira-palco-para-supostas-humilhacoes-de-oficiais-superiores-que-trabalharam-com-bolsonaro\/"},"modified":"2024-10-20T15:30:28","modified_gmt":"2024-10-20T15:30:28","slug":"curso-do-alto-comando-do-exercito-vira-palco-para-supostas-humilhacoes-de-oficiais-superiores-que-trabalharam-com-bolsonaro","status":"publish","type":"post","link":"https:\/\/tvbrazilusa.com\/pt\/2024\/10\/20\/curso-do-alto-comando-do-exercito-vira-palco-para-supostas-humilhacoes-de-oficiais-superiores-que-trabalharam-com-bolsonaro\/","title":{"rendered":"Curso do alto comando do Ex\u00e9rcito vira palco para supostas humilha\u00e7\u00f5es de oficiais superiores que trabalharam com Bolsonaro"},"content":{"rendered":"<p> <script async src=\"https:\/\/pagead2.googlesyndication.com\/pagead\/js\/adsbygoogle.js?client=ca-pub-8864793242727901\"\r\n     crossorigin=\"anonymous\"><\/script><br \/>\n<\/p>\n<div id=\"taboola-read-more\" style=\"display:block; width:100%\">\n<p>Em um evento que tem levantado alarmes sobre a lideran\u00e7a e o clima dentro das For\u00e7as Armadas brasileiras, mais de 300 futuros comandantes do Ex\u00e9rcito participaram do Curso Preparat\u00f3rio para o Comando (CPCOM) em Bras\u00edlia, em outubro de 2024. Durante esta atividade, sob a orienta\u00e7\u00e3o do Comandante do Ex\u00e9rcito, General Tom\u00e1s Miguel Ribeiro Paiva, os participantes foram submetidos a medidas que muitos consideraram excessivas: assinatura de termos de confidencialidade e a proibi\u00e7\u00e3o de uso de celulares dentro do audit\u00f3rio.\n<\/p>\n<p>O ponto culminante deste curso foi a cr\u00edtica p\u00fablica de tr\u00eas oficiais por parte do General Paiva: o Coronel Correia Neto, o Tenente-Coronel CID e o Major De Oliveira. Eles foram acusados de falta de \u00e9tica em frente aos colegas, uma a\u00e7\u00e3o que levantou s\u00e9rios questionamentos sobre a condu\u00e7\u00e3o da lideran\u00e7a militar no Brasil.<\/p>\n<p>A medida tomada pelo General Paiva pode ser interpretada de duas maneiras. Para uns, \u00e9 um ato necess\u00e1rio para manter a disciplina e a integridade institucional. Para outros, especialmente aqueles que veem afinidade com o ex-presidente Bolsonaro, \u00e9 uma clara persegui\u00e7\u00e3o pol\u00edtica, onde a disciplina serve como m\u00e1scara para a repress\u00e3o.\n<\/p>\n<p>A cr\u00edtica aberta e a cria\u00e7\u00e3o de um ambiente onde oficiais temem por suas carreiras pode minar a moral e o respeito m\u00fatuo entre os membros do Ex\u00e9rcito. Isso pode levar a uma redu\u00e7\u00e3o na efic\u00e1cia operacional e na coes\u00e3o do corpo militar.\n<\/p>\n<p>Este epis\u00f3dio coloca em cheque a forma como a lideran\u00e7a \u00e9 exercida. A cr\u00edtica p\u00fablica pode ser vista como uma falha de lideran\u00e7a, onde o respeito pela hierarquia e pelos subordinados deve ser mantido, mesmo em face de discord\u00e2ncias. Segundo um oficial que estava no local as atitudes do comandante foram mal vistas pela tropa e o curso passou a ser um \u201cvel\u00f3rio\u201d.\n<\/p>\n<p>A nomea\u00e7\u00e3o de figuras militares por governos de ideologias distintas frequentemente traz consigo mudan\u00e7as de expectativas e pol\u00edticas. No caso do General Paiva, nomeado pelo presidente Lula, a mudan\u00e7a pode ser vista como uma tentativa de reafirmar o controle sobre um Ex\u00e9rcito que foi pr\u00f3ximo ao governo anterior.\n<\/p>\n<p>Por J\u00fanior Melo <\/p>\n<\/div>\n<p><br \/>\n<br \/><a href=\"https:\/\/diariodobrasilnoticias.com.br\/noticia\/curso-do-alto-comando-do-exercito-vira-palco-para-supostas-humilhacoes-de-oficiais-superiores-que-trabalharam-com-bolsonaro-6714fd6e99239\">Source link <\/a><\/p>","protected":false},"excerpt":{"rendered":"<p>Em um evento que tem levantado alarmes sobre a lideran\u00e7a e o clima dentro das For\u00e7as Armadas brasileiras, mais de 300 futuros comandantes do Ex\u00e9rcito participaram do Curso Preparat\u00f3rio para&hellip;<\/p>","protected":false},"author":1,"featured_media":50118,"comment_status":"closed","ping_status":"open","sticky":false,"template":"","format":"standard","meta":{"content-type":"","footnotes":""},"categories":[16],"tags":[123,2448,5313,1267],"class_list":["post-50117","post","type-post","status-publish","format-standard","has-post-thumbnail","hentry","category-noticias","tag-brasil","tag-diario","tag-noticia","tag-noticias"],"_links":{"self":[{"href":"https:\/\/tvbrazilusa.com\/pt\/wp-json\/wp\/v2\/posts\/50117","targetHints":{"allow":["GET"]}}],"collection":[{"href":"https:\/\/tvbrazilusa.com\/pt\/wp-json\/wp\/v2\/posts"}],"about":[{"href":"https:\/\/tvbrazilusa.com\/pt\/wp-json\/wp\/v2\/types\/post"}],"author":[{"embeddable":true,"href":"https:\/\/tvbrazilusa.com\/pt\/wp-json\/wp\/v2\/users\/1"}],"replies":[{"embeddable":true,"href":"https:\/\/tvbrazilusa.com\/pt\/wp-json\/wp\/v2\/comments?post=50117"}],"version-history":[{"count":1,"href":"https:\/\/tvbrazilusa.com\/pt\/wp-json\/wp\/v2\/posts\/50117\/revisions"}],"predecessor-version":[{"id":50119,"href":"https:\/\/tvbrazilusa.com\/pt\/wp-json\/wp\/v2\/posts\/50117\/revisions\/50119"}],"wp:featuredmedia":[{"embeddable":true,"href":"https:\/\/tvbrazilusa.com\/pt\/wp-json\/wp\/v2\/media\/50118"}],"wp:attachment":[{"href":"https:\/\/tvbrazilusa.com\/pt\/wp-json\/wp\/v2\/media?parent=50117"}],"wp:term":[{"taxonomy":"category","embeddable":true,"href":"https:\/\/tvbrazilusa.com\/pt\/wp-json\/wp\/v2\/categories?post=50117"},{"taxonomy":"post_tag","embeddable":true,"href":"https:\/\/tvbrazilusa.com\/pt\/wp-json\/wp\/v2\/tags?post=50117"}],"curies":[{"name":"wp","href":"https:\/\/api.w.org\/{rel}","templated":true}]}}