{"id":50161,"date":"2024-10-20T18:23:37","date_gmt":"2024-10-20T18:23:37","guid":{"rendered":"https:\/\/tvbrazilusa.com\/2024\/10\/20\/cancer-se-torna-a-principal-causa-de-morte-em-diversas-regioes-do-brasil\/"},"modified":"2024-10-20T18:23:38","modified_gmt":"2024-10-20T18:23:38","slug":"cancer-se-torna-a-principal-causa-de-morte-em-diversas-regioes-do-brasil","status":"publish","type":"post","link":"https:\/\/tvbrazilusa.com\/pt\/2024\/10\/20\/cancer-se-torna-a-principal-causa-de-morte-em-diversas-regioes-do-brasil\/","title":{"rendered":"C\u00e2ncer se torna a principal causa de morte em diversas regi\u00f5es do Brasil"},"content":{"rendered":"<p> <script async src=\"https:\/\/pagead2.googlesyndication.com\/pagead\/js\/adsbygoogle.js?client=ca-pub-8864793242727901\"\r\n     crossorigin=\"anonymous\"><\/script><br \/>\n<\/p>\n<div id=\"taboola-read-more\" style=\"display:block; width:100%\">\n<p>O c\u00e2ncer j\u00e1 \u00e9 a primeira causa de morte em algumas regi\u00f5es do Brasil, ocupando o lugar das doen\u00e7as cardiovasculares. Um estudo in\u00e9dito revela uma transi\u00e7\u00e3o epidemiol\u00f3gica no pa\u00eds, tend\u00eancia que j\u00e1 vem sendo observada em na\u00e7\u00f5es ricas. O trabalho, conduzido por pesquisadores da Unifesp e outras institui\u00e7\u00f5es, como Funda\u00e7\u00e3o Get\u00falio Vargas e Universidade Federal de Uberl\u00e2ndia, em Minas Gerais, acaba de ser publicado no The Lancet Regional Health &#8211; Americas.\n<\/p>\n<p>Para chegar ao resultado, os autores analisaram dados de 5.570 munic\u00edpios brasileiros fornecidos pelo Sistema de Informa\u00e7\u00f5es de Mortalidade entre os anos de 2000 e 2019. Tamb\u00e9m foram avaliadas as mortes prematuras, aquelas que ocorrem na faixa dos 30 aos 69 anos, que n\u00e3o s\u00e3o atribu\u00eddas ao envelhecimento.<\/p>\n<p>Nesse per\u00edodo, as taxas de mortalidade por doen\u00e7as cardiovasculares ca\u00edram em 25 dos 27 estados, enquanto as de c\u00e2ncer cresceram em 15.\n<\/p>\n<p>O n\u00famero de munic\u00edpios em que o c\u00e2ncer \u00e9 a principal causa de morte quase dobrou, passando de 7% para 13%.\n<\/p>\n<p>E, enquanto a mortalidade por problemas cardiovasculares caiu drasticamente, quase 40%, a de c\u00e2ncer reduziu apenas 10%.\n<\/p>\n<p>Embora as doen\u00e7as cardiovasculares ainda liderem as mortes, alguns fatores explicam essa transi\u00e7\u00e3o. &#8220;Os avan\u00e7os no diagn\u00f3stico e no tratamento, bem como as campanhas antitabagismo, por exemplo, tiveram grande impacto na queda da mortalidade cardiovascular. O c\u00e2ncer, por outro lado, engloba mais de cem doen\u00e7as com diferentes causas e alguns s\u00e3o mais f\u00e1ceis de prevenir, outros mais limitados&#8221;, analisa Leandro Rezende, um dos autores do estudo e coordenador do programa de p\u00f3s-gradua\u00e7\u00e3o em Sa\u00fade Coletiva da Escola Paulista de Medicina, da Unifesp.\n<\/p>\n<p>J\u00e1 as doen\u00e7as cardiovasculares, segundo Rezende, s\u00e3o mais sens\u00edveis a h\u00e1bitos e medidas terap\u00eauticas. &#8220;O resultado mostra que, quanto maior o acesso a tratamento e preven\u00e7\u00e3o, menor a mortalidade&#8221;, observa o pesquisador. Apesar de o c\u00e2ncer e as doen\u00e7as cardiovasculares compartilharem muitos fatores de risco \u2014como tabagismo, sedentarismo, obesidade e m\u00e1 alimenta\u00e7\u00e3o\u2014, as particularidades de cada tipo de tumor dificultam a preven\u00e7\u00e3o e o tratamento.\n<\/p>\n<p>Al\u00e9m disso, enquanto o tratamento das doen\u00e7as cardiovasculares sempre envolve mudan\u00e7as no estilo de vida, no c\u00e2ncer o foco acaba sendo erradicar a doen\u00e7a de forma localizada. Assim, \u00e9 poss\u00edvel reduzir as mortes por infartos e derrames cuidando da press\u00e3o alta, do colesterol alto e do diabetes, por exemplo, mas o progn\u00f3stico dos tumores acaba prejudicado com diagn\u00f3sticos tardios e dificuldade de acesso a tratamentos sofisticados.\n<\/p>\n<p>O cardiologista Eduardo Segalla, do Hospital Israelita Albert Einstein (SP), explica que o acesso ao diagn\u00f3stico precoce e a tratamentos especializados faz toda diferen\u00e7a para o progn\u00f3stico e a mortalidade dessas que s\u00e3o as duas principais causas de mortes no mundo.\n<\/p>\n<p>&#8220;Do ponto de vista cardiovascular, a conscientiza\u00e7\u00e3o de tratar fatores de risco e o acesso ao sistema de sa\u00fade para tratar um infarto agudo, por exemplo, \u00e9 mais r\u00e1pido e acess\u00edvel do que o diagn\u00f3stico precoce de um c\u00e2ncer de mama ou de intestino&#8221;, diz Segalla.\n<\/p>\n<p>Segundo o cardiologista, o tratamento ap\u00f3s o diagn\u00f3stico das doen\u00e7as cardiovasculares ou at\u00e9 de suas complica\u00e7\u00f5es, como arritmias e insufici\u00eancias card\u00edacas, s\u00e3o menos complexos, mais acess\u00edveis e mais baratos do que os tratamentos do c\u00e2ncer, mais caros e com poucos centros especializados para o n\u00famero crescente de diagn\u00f3sticos.\n<\/p>\n<p>Nesse aspecto, o estudo tamb\u00e9m revela as desigualdades do pa\u00eds: se as mortes por doen\u00e7as como infarto e AVC ca\u00edram de modo geral, aquelas causadas por c\u00e2ncer cresceram principalmente nas regi\u00f5es mais pobres.\n<\/p>\n<p>Os achados ainda mostram locais em que h\u00e1 potencial para reduzir a mortalidade cardiovascular, incluindo estados como Amap\u00e1, Roraima e Acre, onde h\u00e1 uma tend\u00eancia de aumento desses \u00f3bitos.\n<\/p>\n<p>Para os autores do novo estudo, \u00e9 preciso desenvolver pol\u00edticas espec\u00edficas para cada regi\u00e3o, capazes de melhorar o acesso \u00e0 sa\u00fade nos munic\u00edpios menores e mais vulner\u00e1veis e, \u00e9 claro, atuar na preven\u00e7\u00e3o prim\u00e1ria.\n<\/p>\n<p>&#8220;Isso envolve pol\u00edticas p\u00fablicas, incluindo campanhas antitabaco, controle do \u00e1lcool e o grande desafio da obesidade, que \u00e9 um fator de risco para v\u00e1rios tumores. Sabe-se que o estilo de vida est\u00e1 associado a cerca de 20 tipos de c\u00e2ncer, e um ter\u00e7o das mortes poderia ser evitado com mudan\u00e7as nos h\u00e1bitos de vida&#8221;, destaca Rezende.\n<\/p>\n<p>Fonte: Viva Bem UOL <\/p>\n<\/div>\n<p><br \/>\n<br \/><a href=\"https:\/\/diariodobrasilnoticias.com.br\/noticia\/cancer-se-torna-a-principal-causa-de-morte-em-diversas-regioes-do-brasil-6715226043e1e\">Source link <\/a><\/p>","protected":false},"excerpt":{"rendered":"<p>O c\u00e2ncer j\u00e1 \u00e9 a primeira causa de morte em algumas regi\u00f5es do Brasil, ocupando o lugar das doen\u00e7as cardiovasculares. Um estudo in\u00e9dito revela uma transi\u00e7\u00e3o epidemiol\u00f3gica no pa\u00eds, tend\u00eancia&hellip;<\/p>","protected":false},"author":1,"featured_media":50162,"comment_status":"closed","ping_status":"open","sticky":false,"template":"","format":"standard","meta":{"content-type":"","footnotes":""},"categories":[16],"tags":[123,2448,5313,1267],"class_list":["post-50161","post","type-post","status-publish","format-standard","has-post-thumbnail","hentry","category-noticias","tag-brasil","tag-diario","tag-noticia","tag-noticias"],"_links":{"self":[{"href":"https:\/\/tvbrazilusa.com\/pt\/wp-json\/wp\/v2\/posts\/50161","targetHints":{"allow":["GET"]}}],"collection":[{"href":"https:\/\/tvbrazilusa.com\/pt\/wp-json\/wp\/v2\/posts"}],"about":[{"href":"https:\/\/tvbrazilusa.com\/pt\/wp-json\/wp\/v2\/types\/post"}],"author":[{"embeddable":true,"href":"https:\/\/tvbrazilusa.com\/pt\/wp-json\/wp\/v2\/users\/1"}],"replies":[{"embeddable":true,"href":"https:\/\/tvbrazilusa.com\/pt\/wp-json\/wp\/v2\/comments?post=50161"}],"version-history":[{"count":1,"href":"https:\/\/tvbrazilusa.com\/pt\/wp-json\/wp\/v2\/posts\/50161\/revisions"}],"predecessor-version":[{"id":50163,"href":"https:\/\/tvbrazilusa.com\/pt\/wp-json\/wp\/v2\/posts\/50161\/revisions\/50163"}],"wp:featuredmedia":[{"embeddable":true,"href":"https:\/\/tvbrazilusa.com\/pt\/wp-json\/wp\/v2\/media\/50162"}],"wp:attachment":[{"href":"https:\/\/tvbrazilusa.com\/pt\/wp-json\/wp\/v2\/media?parent=50161"}],"wp:term":[{"taxonomy":"category","embeddable":true,"href":"https:\/\/tvbrazilusa.com\/pt\/wp-json\/wp\/v2\/categories?post=50161"},{"taxonomy":"post_tag","embeddable":true,"href":"https:\/\/tvbrazilusa.com\/pt\/wp-json\/wp\/v2\/tags?post=50161"}],"curies":[{"name":"wp","href":"https:\/\/api.w.org\/{rel}","templated":true}]}}