{"id":50191,"date":"2024-10-20T17:54:48","date_gmt":"2024-10-20T17:54:48","guid":{"rendered":"https:\/\/tvbrazilusa.com\/2024\/10\/20\/lula-sofre-acidente-domestico-e-cancela-viagem-a-russia-paulo-figueiredo\/"},"modified":"2024-10-20T17:54:48","modified_gmt":"2024-10-20T17:54:48","slug":"lula-sofre-acidente-domestico-e-cancela-viagem-a-russia-paulo-figueiredo","status":"publish","type":"post","link":"https:\/\/tvbrazilusa.com\/pt\/2024\/10\/20\/lula-sofre-acidente-domestico-e-cancela-viagem-a-russia-paulo-figueiredo\/","title":{"rendered":"Lula sofre acidente dom\u00e9stico e cancela viagem \u00e0 R\u00fassia &#8211; Paulo Figueiredo"},"content":{"rendered":"<p> <script async src=\"https:\/\/pagead2.googlesyndication.com\/pagead\/js\/adsbygoogle.js?client=ca-pub-8864793242727901\"\r\n     crossorigin=\"anonymous\"><\/script><br \/>\n<\/p>\n<div id=\"wtr-content\" data-bg=\"#FFFFFF\" data-fg=\"#006d91\" data-width=\"25\" data-mute=\"1\" data-fgopacity=\"1.00\" data-mutedopacity=\"0.5\" data-placement=\"bottom\" data-placement-offset=\"0\" data-content-offset=\"262\" data-placement-touch=\"bottom\" data-placement-offset-touch=\"0\" data-transparent=\"\" data-shadow=\"0\" data-touch=\"1\" data-non-touch=\"1\" data-comments=\"0\" data-commentsbg=\"transparent\" data-location=\"page\" data-mutedfg=\"#006d91\" data-endfg=\"#006d91\" data-rtl=\"\">\n<h3 class=\"wp-block-heading\">Presidente est\u00e1 com um ferimento na nuca<\/h3>\n<p>O presidente Luiz In\u00e1cio Lula da Silva sofreu um acidente dom\u00e9stico, neste s\u00e1bado, 19, em Bras\u00edlia, que resultou em um ferimento na cabe\u00e7a. Em raz\u00e3o do incidente, o chefe do Executivo cancelou sua viagem \u00e0\u00a0<strong>R\u00fassia<\/strong>, programada para este domingo, 20. Ele iria acompanhar\u00a0<em>in loco<\/em>\u00a0a C\u00fapula do Brics. Agora, participar\u00e1 por videoconfer\u00eancia.<\/p>\n<p>De acordo com o boletim m\u00e9dico, Lula recebeu atendimento no\u00a0<strong>Hospital S\u00edrio-Liban\u00eas<\/strong>, com um ferimento na nuca. Embora a situa\u00e7\u00e3o n\u00e3o tenha sido considerada grave, o cardiologista Roberto Kalil Filho recomendou que o petista evitasse viagens longas. Lula recebeu pontos no ferimento, mas foi liberado logo depois para retornar ao\u00a0<strong>Pal\u00e1cio da Alvorada<\/strong>.<\/p>\n<div class=\"wp-block-image\">\n<figure class=\"aligncenter\"><img decoding=\"async\" src=\"https:\/\/medias.revistaoeste.com\/wp-content\/uploads\/2024\/10\/image-14.png\" alt=\"\"\/><figcaption class=\"wp-element-caption\"><em>De acordo com o boletim m\u00e9dico, Lula recebeu atendimento no\u00a0<strong>Hospital S\u00edrio-Liban\u00eas<\/strong>, com um ferimento na nuca | Foto: Divulga\u00e7\u00e3o\/Hospital S\u00edrio-Liban\u00eas<\/em><\/figcaption><\/figure>\n<\/div>\n<h3 class=\"wp-block-heading\">Lula teria encontro com Putin e Xi Jinping<\/h3>\n<p>O presidente embarcaria da Base A\u00e9rea de Bras\u00edlia neste domingo, e o evento na R\u00fassia est\u00e1 previsto para come\u00e7ar na ter\u00e7a-feira 22. Havia expectativa de reuni\u00f5es bilaterais com Vladimir Putin, presidente da R\u00fassia, e Xi Jinping, presidente da China.<\/p>\n<p>No s\u00e1bado, Lula participou de eventos de campanha em S\u00e3o Paulo ao lado de Guilherme Boulos (Psol), candidato \u00e0 prefeitura da capital paulista. Em virtude das chuvas, a carreata planejada foi substitu\u00edda por uma transmiss\u00e3o on-line. O petista voltou a Bras\u00edlia antes do acidente.<\/p>\n<p>Aos 78 anos, Lula passou por uma artroplastia no quadril em setembro e recentemente realizou exames de revis\u00e3o.<\/p>\n<p><strong><a href=\"https:\/\/revistaoeste.com\/politica\/lula-sofre-acidente-domestico-e-cancela-viagem-a-russia\/\">Source link<\/a><\/strong><\/p>\n<\/div>\n<p><br \/>\n<br \/><a href=\"https:\/\/paulofigueiredoshow.com\/lula-sofre-acidente-domestico-e-cancela-viagem-a-russia\/\">Source link <\/a><\/p>","protected":false},"excerpt":{"rendered":"<p>Presidente est\u00e1 com um ferimento na nuca O presidente Luiz In\u00e1cio Lula da Silva sofreu um acidente dom\u00e9stico, neste s\u00e1bado, 19, em Bras\u00edlia, que resultou em um ferimento na cabe\u00e7a.&hellip;<\/p>","protected":false},"author":1,"featured_media":0,"comment_status":"","ping_status":"open","sticky":false,"template":"","format":"standard","meta":{"content-type":"","footnotes":""},"categories":[16],"tags":[10372,4140,24623,336,89],"class_list":["post-50191","post","type-post","status-publish","format-standard","hentry","category-noticias","tag-acidente","tag-cabeca","tag-cancelamento","tag-governo","tag-lula"],"_links":{"self":[{"href":"https:\/\/tvbrazilusa.com\/pt\/wp-json\/wp\/v2\/posts\/50191","targetHints":{"allow":["GET"]}}],"collection":[{"href":"https:\/\/tvbrazilusa.com\/pt\/wp-json\/wp\/v2\/posts"}],"about":[{"href":"https:\/\/tvbrazilusa.com\/pt\/wp-json\/wp\/v2\/types\/post"}],"author":[{"embeddable":true,"href":"https:\/\/tvbrazilusa.com\/pt\/wp-json\/wp\/v2\/users\/1"}],"replies":[{"embeddable":true,"href":"https:\/\/tvbrazilusa.com\/pt\/wp-json\/wp\/v2\/comments?post=50191"}],"version-history":[{"count":0,"href":"https:\/\/tvbrazilusa.com\/pt\/wp-json\/wp\/v2\/posts\/50191\/revisions"}],"wp:attachment":[{"href":"https:\/\/tvbrazilusa.com\/pt\/wp-json\/wp\/v2\/media?parent=50191"}],"wp:term":[{"taxonomy":"category","embeddable":true,"href":"https:\/\/tvbrazilusa.com\/pt\/wp-json\/wp\/v2\/categories?post=50191"},{"taxonomy":"post_tag","embeddable":true,"href":"https:\/\/tvbrazilusa.com\/pt\/wp-json\/wp\/v2\/tags?post=50191"}],"curies":[{"name":"wp","href":"https:\/\/api.w.org\/{rel}","templated":true}]}}