{"id":50209,"date":"2024-10-20T21:30:30","date_gmt":"2024-10-20T21:30:30","guid":{"rendered":"https:\/\/tvbrazilusa.com\/2024\/10\/20\/homem-mata-irmao-a-facadas-em-briga-por-r-100\/"},"modified":"2024-10-20T21:30:31","modified_gmt":"2024-10-20T21:30:31","slug":"homem-mata-irmao-a-facadas-em-briga-por-r-100","status":"publish","type":"post","link":"https:\/\/tvbrazilusa.com\/pt\/2024\/10\/20\/homem-mata-irmao-a-facadas-em-briga-por-r-100\/","title":{"rendered":"Homem mata irm\u00e3o a facadas em briga por R$ 100"},"content":{"rendered":"<p> <script async src=\"https:\/\/pagead2.googlesyndication.com\/pagead\/js\/adsbygoogle.js?client=ca-pub-8864793242727901\"\r\n     crossorigin=\"anonymous\"><\/script><br \/>\n<\/p>\n<div id=\"taboola-read-more\" style=\"display:block; width:100%\">\n<p>O Tribunal de Justi\u00e7a de S\u00e3o Paulo (TJSP) manteve a condena\u00e7\u00e3o a 16 anos e quatro meses de pris\u00e3o imposta a Arlindo Elias, de 64 anos, por matar a facada o pr\u00f3prio irm\u00e3o, Jos\u00e9 Francisco Elias, em meio a uma briga por uma d\u00edvida de R$ 100 e supostos xingamentos \u00e0 m\u00e3e da v\u00edtima e do autor do homic\u00eddio. O crime aconteceu em junho de 2022 e foi presenciado por familiares.\n<\/p>\n<p>Segundo testemunhas da pr\u00f3pria fam\u00edlia do acusado, os dois tinham uma rela\u00e7\u00e3o conturbada e j\u00e1 haviam at\u00e9 brigado na rua anteriormente. O pr\u00f3prio filho do acusado afirmou, em depoimento, que estava tomando banho quando o crime aconteceu. Quando saiu, viu o pai cheio de marcas de sangue na roupa e o tio ca\u00eddo no ch\u00e3o.<\/p>\n<p>Ele contou ainda que o pai j\u00e1 havia dito uma vez que mataria seu rio em raz\u00e3o de uma \u201cpancada no nariz\u201d. Ele disse que n\u00e3o viu o tio xingado a pr\u00f3pria m\u00e3e, como o pai mais tarde alegaria, e que n\u00e3o sabia a respeito da d\u00edvida. Contou que o pai estava b\u00eabado e acredita que isso tenha motivado o crime.\n<\/p>\n<p>Acusado pela morte do irm\u00e3o, Arlindo afirmou ao j\u00fari que estava em casa quando foi surpreendido pelo irm\u00e3o, Jos\u00e9 Francisco. \u201cEu estava na cama, a\u00ed ele chegou e me deu uma paulada na cintura, eu s\u00f3 fui me defender [\u2026] ele veio b\u00eabado da rua e me deu uma paulada [\u2026]ele cortou minha m\u00e3o, cortou meu nariz [\u2026] com a paulada cortou minha orelha\u201d, disse.\n<\/p>\n<p>O acusado ainda disse que irm\u00e3o havia tomado R$ 100 e n\u00e3o devolvido, al\u00e9m de ter xingado a sua m\u00e3e no dia do crime.\n<\/p>\n<p>Ele foi condenado em primeira inst\u00e2ncia. Em segundo grau, a 11\u00aa C\u00e2mara de Direito Criminal do Tribunal de Justi\u00e7a de S\u00e3o Paulo rejeitou seu recurso.\n<\/p>\n<p>Relator do caso, o desembargador Tetsuzo Namba rejeitou pedido da defesa de anula\u00e7\u00e3o do julgamento.\n<\/p>\n<p>\u201cExistem fundamentos concretos que sustentam a decis\u00e3o dos jurados, no sentido de que o homic\u00eddio foi praticado pelo recorrente contra o pr\u00f3prio irm\u00e3o e, ainda, por motivo f\u00fatil, seja por acusa\u00e7\u00e3o de que o r\u00e9u lhe devia R$ 100 ou porque o ofendido discutia ou xingava a genitora. Mais uma vez, prevaleceu a \u00edntima convic\u00e7\u00e3o dos jurados, n\u00e3o merecendo qualquer censura\u201d, afirmou.\n<\/p>\n<p>Segundo o desembargador, a alega\u00e7\u00e3o de leg\u00edtima defesa n\u00e3o \u00e9 convicente.\n<\/p>\n<p>\u201cE mesmo que se admita que o r\u00e9u tenha sofrido pr\u00e9via les\u00e3o corporal decorrente de uma \u2018paulada\u2019 desferida pelo ofendido, \u00e9 certo que, ao reagir, sem d\u00favidas, n\u00e3o usou moderadamente dos meios necess\u00e1rios para repelir injusta agress\u00e3o\u201d, concluiu.\n<\/p>\n<p>Os desembargadores Renato Genzani Filho e Guilherme Strenger acompanharam o relator em vota\u00e7\u00e3o un\u00e2nime.\n<\/p>\n<p>Fonte: Metr\u00f3poles <\/p>\n<\/div>\n<p><br \/>\n<br \/><a href=\"https:\/\/diariodobrasilnoticias.com.br\/noticia\/homem-mata-irmao-a-facadas-em-briga-por-r-100-67153f4e589e1\">Source link <\/a><\/p>","protected":false},"excerpt":{"rendered":"<p>O Tribunal de Justi\u00e7a de S\u00e3o Paulo (TJSP) manteve a condena\u00e7\u00e3o a 16 anos e quatro meses de pris\u00e3o imposta a Arlindo Elias, de 64 anos, por matar a facada&hellip;<\/p>","protected":false},"author":1,"featured_media":50210,"comment_status":"closed","ping_status":"open","sticky":false,"template":"","format":"standard","meta":{"content-type":"","footnotes":""},"categories":[16],"tags":[123,2448,5313,1267],"class_list":["post-50209","post","type-post","status-publish","format-standard","has-post-thumbnail","hentry","category-noticias","tag-brasil","tag-diario","tag-noticia","tag-noticias"],"_links":{"self":[{"href":"https:\/\/tvbrazilusa.com\/pt\/wp-json\/wp\/v2\/posts\/50209","targetHints":{"allow":["GET"]}}],"collection":[{"href":"https:\/\/tvbrazilusa.com\/pt\/wp-json\/wp\/v2\/posts"}],"about":[{"href":"https:\/\/tvbrazilusa.com\/pt\/wp-json\/wp\/v2\/types\/post"}],"author":[{"embeddable":true,"href":"https:\/\/tvbrazilusa.com\/pt\/wp-json\/wp\/v2\/users\/1"}],"replies":[{"embeddable":true,"href":"https:\/\/tvbrazilusa.com\/pt\/wp-json\/wp\/v2\/comments?post=50209"}],"version-history":[{"count":1,"href":"https:\/\/tvbrazilusa.com\/pt\/wp-json\/wp\/v2\/posts\/50209\/revisions"}],"predecessor-version":[{"id":50211,"href":"https:\/\/tvbrazilusa.com\/pt\/wp-json\/wp\/v2\/posts\/50209\/revisions\/50211"}],"wp:featuredmedia":[{"embeddable":true,"href":"https:\/\/tvbrazilusa.com\/pt\/wp-json\/wp\/v2\/media\/50210"}],"wp:attachment":[{"href":"https:\/\/tvbrazilusa.com\/pt\/wp-json\/wp\/v2\/media?parent=50209"}],"wp:term":[{"taxonomy":"category","embeddable":true,"href":"https:\/\/tvbrazilusa.com\/pt\/wp-json\/wp\/v2\/categories?post=50209"},{"taxonomy":"post_tag","embeddable":true,"href":"https:\/\/tvbrazilusa.com\/pt\/wp-json\/wp\/v2\/tags?post=50209"}],"curies":[{"name":"wp","href":"https:\/\/api.w.org\/{rel}","templated":true}]}}