{"id":50217,"date":"2024-10-20T21:43:12","date_gmt":"2024-10-20T21:43:12","guid":{"rendered":"https:\/\/tvbrazilusa.com\/2024\/10\/20\/lula-escorregou-no-banheiro-dizem-aliados\/"},"modified":"2024-10-20T21:43:13","modified_gmt":"2024-10-20T21:43:13","slug":"lula-escorregou-no-banheiro-dizem-aliados","status":"publish","type":"post","link":"https:\/\/tvbrazilusa.com\/pt\/2024\/10\/20\/lula-escorregou-no-banheiro-dizem-aliados\/","title":{"rendered":"Lula escorregou no banheiro, dizem aliados"},"content":{"rendered":"<p> <script async src=\"https:\/\/pagead2.googlesyndication.com\/pagead\/js\/adsbygoogle.js?client=ca-pub-8864793242727901\"\r\n     crossorigin=\"anonymous\"><\/script><br \/>\n<\/p>\n<div id=\"taboola-read-more\" style=\"display:block; width:100%\">\n<p>O presidente Lula (PT) escorregou no banheiro e bateu a cabe\u00e7a neste s\u00e1bado (19), mas passa bem e n\u00e3o perdeu a consci\u00eancia, segundo aliados.\n<\/p>\n<p>Ainda n\u00e3o h\u00e1 mais detalhes sobre o incidente. Mas, segundo a Secretaria de Comunica\u00e7\u00e3o da Presid\u00eancia, ele deve trabalhar normalmente do Pal\u00e1cio do Planalto nesta semana.<\/p>\n<p>O acidente dom\u00e9stico foi antecipado pela coluna da M\u00f4nica Bergamo, da Folha.\n<\/p>\n<p>Devido ao incidente, o presidente n\u00e3o vai mais viajar para a R\u00fassia, onde participaria da reuni\u00e3o de c\u00fapula dos Brics. Ele foi atendido no hospital S\u00edrio Liban\u00eas de Bras\u00edlia ap\u00f3s um acidente dom\u00e9stico.\n<\/p>\n<p>De acordo com boletim m\u00e9dico, ele sofreu &#8220;ferimento corto-contuso em regi\u00e3o ociptal&#8221;, regi\u00e3o respons\u00e1vel pela percep\u00e7\u00e3o visual. Ele levou pontos na regi\u00e3o atr\u00e1s da cabe\u00e7a.\n<\/p>\n<p>&#8220;Ap\u00f3s avalia\u00e7\u00e3o da equipe m\u00e9dica, [Lula] foi orientado a evitar viagem a\u00e9rea de longa dist\u00e2ncia, podendo exercer suas demais atividades&#8221;, diz o boletim.\n<\/p>\n<p>A viagem estava prevista para ocorrer neste domingo (20), mas foi cancelada depois que o presidente fez exames que indicaram a necessidade de ele permanecer em Bras\u00edlia.\n<\/p>\n<p>Fonte: Folha de S. Paulo <\/p>\n<\/div>\n<p><br \/>\n<br \/><a href=\"https:\/\/diariodobrasilnoticias.com.br\/noticia\/lula-escorregou-no-banheiro-dizem-aliados-67154e2a929ea\">Source link <\/a><\/p>","protected":false},"excerpt":{"rendered":"<p>O presidente Lula (PT) escorregou no banheiro e bateu a cabe\u00e7a neste s\u00e1bado (19), mas passa bem e n\u00e3o perdeu a consci\u00eancia, segundo aliados. Ainda n\u00e3o h\u00e1 mais detalhes sobre&hellip;<\/p>","protected":false},"author":1,"featured_media":50218,"comment_status":"closed","ping_status":"open","sticky":false,"template":"","format":"standard","meta":{"content-type":"","footnotes":""},"categories":[16],"tags":[123,2448,5313,1267],"class_list":["post-50217","post","type-post","status-publish","format-standard","has-post-thumbnail","hentry","category-noticias","tag-brasil","tag-diario","tag-noticia","tag-noticias"],"_links":{"self":[{"href":"https:\/\/tvbrazilusa.com\/pt\/wp-json\/wp\/v2\/posts\/50217","targetHints":{"allow":["GET"]}}],"collection":[{"href":"https:\/\/tvbrazilusa.com\/pt\/wp-json\/wp\/v2\/posts"}],"about":[{"href":"https:\/\/tvbrazilusa.com\/pt\/wp-json\/wp\/v2\/types\/post"}],"author":[{"embeddable":true,"href":"https:\/\/tvbrazilusa.com\/pt\/wp-json\/wp\/v2\/users\/1"}],"replies":[{"embeddable":true,"href":"https:\/\/tvbrazilusa.com\/pt\/wp-json\/wp\/v2\/comments?post=50217"}],"version-history":[{"count":1,"href":"https:\/\/tvbrazilusa.com\/pt\/wp-json\/wp\/v2\/posts\/50217\/revisions"}],"predecessor-version":[{"id":50219,"href":"https:\/\/tvbrazilusa.com\/pt\/wp-json\/wp\/v2\/posts\/50217\/revisions\/50219"}],"wp:featuredmedia":[{"embeddable":true,"href":"https:\/\/tvbrazilusa.com\/pt\/wp-json\/wp\/v2\/media\/50218"}],"wp:attachment":[{"href":"https:\/\/tvbrazilusa.com\/pt\/wp-json\/wp\/v2\/media?parent=50217"}],"wp:term":[{"taxonomy":"category","embeddable":true,"href":"https:\/\/tvbrazilusa.com\/pt\/wp-json\/wp\/v2\/categories?post=50217"},{"taxonomy":"post_tag","embeddable":true,"href":"https:\/\/tvbrazilusa.com\/pt\/wp-json\/wp\/v2\/tags?post=50217"}],"curies":[{"name":"wp","href":"https:\/\/api.w.org\/{rel}","templated":true}]}}