{"id":50241,"date":"2024-10-20T23:02:19","date_gmt":"2024-10-20T23:02:19","guid":{"rendered":"https:\/\/tvbrazilusa.com\/2024\/10\/20\/bebe-que-viveu-ha-17-mil-anos-e-encontrado-na-italia-era-um-menino-de-1-ano-e-4-meses-de-olhos-azuis\/"},"modified":"2024-10-20T23:02:19","modified_gmt":"2024-10-20T23:02:19","slug":"bebe-que-viveu-ha-17-mil-anos-e-encontrado-na-italia-era-um-menino-de-1-ano-e-4-meses-de-olhos-azuis","status":"publish","type":"post","link":"https:\/\/tvbrazilusa.com\/pt\/2024\/10\/20\/bebe-que-viveu-ha-17-mil-anos-e-encontrado-na-italia-era-um-menino-de-1-ano-e-4-meses-de-olhos-azuis\/","title":{"rendered":"Beb\u00ea que viveu h\u00e1 17 mil anos \u00e9 encontrado na It\u00e1lia; era um menino de 1 ano e 4 meses, de olhos azuis"},"content":{"rendered":"<p> <script async src=\"https:\/\/pagead2.googlesyndication.com\/pagead\/js\/adsbygoogle.js?client=ca-pub-8864793242727901\"\r\n     crossorigin=\"anonymous\"><\/script><br \/>\n<\/p>\n<div id=\"taboola-read-more\" style=\"display:block; width:100%\">\n<p>Cientistas italianos analisaram restos preservados de uma crian\u00e7a de 1 ano e 4 meses, que viveu no sul da It\u00e1lia h\u00e1 cerca de 17 mil anos, durante o fim da \u00faltima era glacial. O estudo, publicado recentemente na Nature Communications, revelou que o beb\u00ea provavelmente morreu de devido a uma doen\u00e7a card\u00edaca cong\u00eanita.\n<\/p>\n<p>A descoberta tamb\u00e9m apontou que o beb\u00ea era do sexo masculino e tinha olhos azuis, pele escura e cabelos cacheados escuros. O esqueleto mostrou ind\u00edcios de desenvolvimento ruim e consanguinidade, isto \u00e9, cruzamento entre pessoas da mesma fam\u00edlia.<\/p>\n<p>&#8220;A an\u00e1lise do genoma nuclear sugere um alto grau de parentesco entre os pais, que provavelmente eram primos de primeiro grau,&#8221; afirmam os pesquisadores.\n<\/p>\n<p>Segundo a revista Live Science, \u00e9 raro encontrar os restos bem preservados de crian\u00e7as que viveram pr\u00f3ximo ao \u00daltimo M\u00e1ximo Glacial, &#8220;quando as camadas de gelo estavam em sua maior extens\u00e3o&#8221;, o que tornava dif\u00edcil o processo de enterrar corpos de pessoas mortas.\n<\/p>\n<p>O estudo desvendou a hist\u00f3ria dos ossos, encontrados em 1998 pelo arque\u00f3logo italiano Mauro Calattini. O corpo foi encontrado coberto por duas lajes de pedra, sem objetos funer\u00e1rios al\u00e9m dos &#8220;restos esquel\u00e9ticos&#8221;.\n<\/p>\n<p>A pesquisa revelou ind\u00edcios de que o beb\u00ea teria passado por uma vida dif\u00edcil, mesmo antes de nascer: os dentes da crian\u00e7a tinham nove linhas acentuadas, conhecidas como marcadores de dificuldades fisiol\u00f3gicas.\n<\/p>\n<p>&#8220;A an\u00e1lise detalhada dos dentes do beb\u00ea nos permitiu inferir a sa\u00fade e o estresse experimentados pela crian\u00e7a durante a inf\u00e2ncia e\/ou por sua m\u00e3e durante a gravidez \u2014 algo que raramente temos a oportunidade de explorar com tanta precis\u00e3o&#8221;, explicaram os cientistas \u00e0 revista.\n<\/p>\n<p>Os problemas de sa\u00fade, provavelmente herdados da m\u00e3e, tamb\u00e9m indicavam muta\u00e7\u00f5es gen\u00e9ticas e problemas card\u00edacos.\n<\/p>\n<p>Fonte: O Globo <\/p>\n<\/div>\n<p><br \/>\n<br \/><a href=\"https:\/\/diariodobrasilnoticias.com.br\/noticia\/bebe-que-viveu-ha-17-mil-anos-e-encontrado-na-italia-era-um-menino-de-1-ano-e-4-meses-de-olhos-azuis-671560211ee38\">Source link <\/a><\/p>","protected":false},"excerpt":{"rendered":"<p>Cientistas italianos analisaram restos preservados de uma crian\u00e7a de 1 ano e 4 meses, que viveu no sul da It\u00e1lia h\u00e1 cerca de 17 mil anos, durante o fim da&hellip;<\/p>","protected":false},"author":1,"featured_media":50242,"comment_status":"closed","ping_status":"open","sticky":false,"template":"","format":"standard","meta":{"content-type":"","footnotes":""},"categories":[16],"tags":[123,2448,5313,1267],"class_list":["post-50241","post","type-post","status-publish","format-standard","has-post-thumbnail","hentry","category-noticias","tag-brasil","tag-diario","tag-noticia","tag-noticias"],"_links":{"self":[{"href":"https:\/\/tvbrazilusa.com\/pt\/wp-json\/wp\/v2\/posts\/50241","targetHints":{"allow":["GET"]}}],"collection":[{"href":"https:\/\/tvbrazilusa.com\/pt\/wp-json\/wp\/v2\/posts"}],"about":[{"href":"https:\/\/tvbrazilusa.com\/pt\/wp-json\/wp\/v2\/types\/post"}],"author":[{"embeddable":true,"href":"https:\/\/tvbrazilusa.com\/pt\/wp-json\/wp\/v2\/users\/1"}],"replies":[{"embeddable":true,"href":"https:\/\/tvbrazilusa.com\/pt\/wp-json\/wp\/v2\/comments?post=50241"}],"version-history":[{"count":1,"href":"https:\/\/tvbrazilusa.com\/pt\/wp-json\/wp\/v2\/posts\/50241\/revisions"}],"predecessor-version":[{"id":50243,"href":"https:\/\/tvbrazilusa.com\/pt\/wp-json\/wp\/v2\/posts\/50241\/revisions\/50243"}],"wp:featuredmedia":[{"embeddable":true,"href":"https:\/\/tvbrazilusa.com\/pt\/wp-json\/wp\/v2\/media\/50242"}],"wp:attachment":[{"href":"https:\/\/tvbrazilusa.com\/pt\/wp-json\/wp\/v2\/media?parent=50241"}],"wp:term":[{"taxonomy":"category","embeddable":true,"href":"https:\/\/tvbrazilusa.com\/pt\/wp-json\/wp\/v2\/categories?post=50241"},{"taxonomy":"post_tag","embeddable":true,"href":"https:\/\/tvbrazilusa.com\/pt\/wp-json\/wp\/v2\/tags?post=50241"}],"curies":[{"name":"wp","href":"https:\/\/api.w.org\/{rel}","templated":true}]}}