{"id":50244,"date":"2024-10-20T23:15:14","date_gmt":"2024-10-20T23:15:14","guid":{"rendered":"https:\/\/tvbrazilusa.com\/2024\/10\/20\/pepe-mujica-diz-estar-perto-de-morrer-ex-presidente-uruguaio-enfrenta-cancer-no-esofago\/"},"modified":"2024-10-20T23:15:15","modified_gmt":"2024-10-20T23:15:15","slug":"pepe-mujica-diz-estar-perto-de-morrer-ex-presidente-uruguaio-enfrenta-cancer-no-esofago","status":"publish","type":"post","link":"https:\/\/tvbrazilusa.com\/pt\/2024\/10\/20\/pepe-mujica-diz-estar-perto-de-morrer-ex-presidente-uruguaio-enfrenta-cancer-no-esofago\/","title":{"rendered":"Pepe Mujica diz estar perto de morrer; ex-presidente uruguaio enfrenta c\u00e2ncer no es\u00f4fago"},"content":{"rendered":"<p> <script async src=\"https:\/\/pagead2.googlesyndication.com\/pagead\/js\/adsbygoogle.js?client=ca-pub-8864793242727901\"\r\n     crossorigin=\"anonymous\"><\/script><br \/>\n<\/p>\n<div id=\"taboola-read-more\" style=\"display:block; width:100%\">\n<p>O ex-presidente uruguaio Jos\u00e9 Mujica (foto), tamb\u00e9m conhecido como Pepe Mujica, de 89 anos, fez um discurso em tom de despedida no s\u00e1bado, 19, em Montevid\u00e9u, e disse acreditar \u201cestar perto de se retirar para o lugar de onde n\u00e3o se volta\u201d.\n<\/p>\n<p>Em abril, Mujica anunciou em uma entrevista coletiva que foi diagnosticado com um tumor no es\u00f4fago. Na ocasi\u00e3o, ele comparou a sua condi\u00e7\u00e3o ao ceifador rondando sua cama, mas afirmou que continuar\u00e1 lutando enquanto puder.<\/p>\n<p>Neste s\u00e1bado, durante evento de encerramento da campanha de Yamand\u00fa Orsi, seu correligion\u00e1rio, o ex-presidente afirmou:\n<\/p>\n<p>\u201cEstou feliz. Sei que quando meus bra\u00e7os pararem de se mover, haver\u00e1 milhares de outros bra\u00e7os me substituindo na luta. Estar\u00e1 Yamand\u00fa, estar\u00e1 o Pacha, haver\u00e1 milhares e outros mais, bra\u00e7os jovens para seguir na luta cont\u00ednua por um mundo melhor, luta \u00e0 qual dediquei minha juventude.\u201d\n<\/p>\n<p>O ex-presidente uruguaio enfrenta obst\u00e1culos para realizar quimioterapia ou cirurgia devido \u00e0 sua condi\u00e7\u00e3o de sa\u00fade pr\u00e9-existente. H\u00e1 mais de 20 anos Mujica lida com uma doen\u00e7a imunol\u00f3gica que afeta seus rins.\n<\/p>\n<p>Em seu discurso no s\u00e1bado, ele afirmou que segue vivo gra\u00e7as aos cuidados de sua esposa, Luc\u00eda Topolansky, e de seus companheiros de partido.\n<\/p>\n<p><strong>Quem \u00e9 Pepe Mujica?<\/strong>\n<\/p>\n<p>Jos\u00e9 Alberto Mujica Cordano, Pepe Mujica, nasceu em Montevid\u00e9u, em 20 de maio de 1935. Descendente de bascos e de italianos, filho de pequenos agricultores. Em 1962 criou um grupo chamado Uni\u00e3o Nacional, que trabalhava junto ao Partido Socialista. Em seguida, ingressou no Movimento de Liberta\u00e7\u00e3o Nacional \u2013Tupamaros\u2013, que desenvolvia a\u00e7\u00f5es militares.\n<\/p>\n<p>Foi preso quatro vezes e fugiu duas vezes do Pres\u00eddio de Punta Carretas. No total, passou quase quinze anos na pris\u00e3o, onze dos quais num calabou\u00e7o, como ref\u00e9m da ditadura. Saiu da pris\u00e3o gra\u00e7as \u00e0 anistia decretada em 1985.\n<\/p>\n<p>Foi eleito deputado em 1994 e senador, em 1999. Em 2004, o seu grupo tornou-se majorit\u00e1rio dentro da Frente Ampla. Em 2005, foi designado ministro da Agricultura do governo Tabar\u00e9 V\u00e1zquez.\n<\/p>\n<p>Mujica foi eleito presidente em segundo turno em outubro de 2009, e tomou posse em mar\u00e7o de 2010.\n<\/p>\n<p>Fonte: O Antagonista <\/p>\n<\/div>\n<p><br \/>\n<br \/><a href=\"https:\/\/diariodobrasilnoticias.com.br\/noticia\/pepe-mujica-diz-estar-perto-de-morrer-ex-presidente-uruguaio-enfrenta-cancer-no-esofago-67157bd73309d\">Source link <\/a><\/p>","protected":false},"excerpt":{"rendered":"<p>O ex-presidente uruguaio Jos\u00e9 Mujica (foto), tamb\u00e9m conhecido como Pepe Mujica, de 89 anos, fez um discurso em tom de despedida no s\u00e1bado, 19, em Montevid\u00e9u, e disse acreditar \u201cestar&hellip;<\/p>","protected":false},"author":1,"featured_media":50245,"comment_status":"closed","ping_status":"open","sticky":false,"template":"","format":"standard","meta":{"content-type":"","footnotes":""},"categories":[16],"tags":[123,2448,5313,1267],"class_list":["post-50244","post","type-post","status-publish","format-standard","has-post-thumbnail","hentry","category-noticias","tag-brasil","tag-diario","tag-noticia","tag-noticias"],"_links":{"self":[{"href":"https:\/\/tvbrazilusa.com\/pt\/wp-json\/wp\/v2\/posts\/50244","targetHints":{"allow":["GET"]}}],"collection":[{"href":"https:\/\/tvbrazilusa.com\/pt\/wp-json\/wp\/v2\/posts"}],"about":[{"href":"https:\/\/tvbrazilusa.com\/pt\/wp-json\/wp\/v2\/types\/post"}],"author":[{"embeddable":true,"href":"https:\/\/tvbrazilusa.com\/pt\/wp-json\/wp\/v2\/users\/1"}],"replies":[{"embeddable":true,"href":"https:\/\/tvbrazilusa.com\/pt\/wp-json\/wp\/v2\/comments?post=50244"}],"version-history":[{"count":1,"href":"https:\/\/tvbrazilusa.com\/pt\/wp-json\/wp\/v2\/posts\/50244\/revisions"}],"predecessor-version":[{"id":50246,"href":"https:\/\/tvbrazilusa.com\/pt\/wp-json\/wp\/v2\/posts\/50244\/revisions\/50246"}],"wp:featuredmedia":[{"embeddable":true,"href":"https:\/\/tvbrazilusa.com\/pt\/wp-json\/wp\/v2\/media\/50245"}],"wp:attachment":[{"href":"https:\/\/tvbrazilusa.com\/pt\/wp-json\/wp\/v2\/media?parent=50244"}],"wp:term":[{"taxonomy":"category","embeddable":true,"href":"https:\/\/tvbrazilusa.com\/pt\/wp-json\/wp\/v2\/categories?post=50244"},{"taxonomy":"post_tag","embeddable":true,"href":"https:\/\/tvbrazilusa.com\/pt\/wp-json\/wp\/v2\/tags?post=50244"}],"curies":[{"name":"wp","href":"https:\/\/api.w.org\/{rel}","templated":true}]}}