{"id":50256,"date":"2024-10-21T00:02:15","date_gmt":"2024-10-21T00:02:15","guid":{"rendered":"https:\/\/tvbrazilusa.com\/2024\/10\/21\/cachorro-e-morto-a-marteladas-por-seu-tutor-no-interior-de-sp\/"},"modified":"2024-10-21T00:02:16","modified_gmt":"2024-10-21T00:02:16","slug":"cachorro-e-morto-a-marteladas-por-seu-tutor-no-interior-de-sp","status":"publish","type":"post","link":"https:\/\/tvbrazilusa.com\/pt\/2024\/10\/21\/cachorro-e-morto-a-marteladas-por-seu-tutor-no-interior-de-sp\/","title":{"rendered":"Cachorro \u00e9 morto a marteladas por seu tutor no interior de SP"},"content":{"rendered":"<p> <script async src=\"https:\/\/pagead2.googlesyndication.com\/pagead\/js\/adsbygoogle.js?client=ca-pub-8864793242727901\"\r\n     crossorigin=\"anonymous\"><\/script><br \/>\n<\/p>\n<div id=\"taboola-read-more\" style=\"display:block; width:100%\">\n<p>Um homem de 61 anos foi preso em flagrante ap\u00f3s matar o pr\u00f3prio cachorro com um golpe de martelo, crime ocorrido nesse s\u00e1bado (19\/10), no bairro Vit\u00f3ria R\u00e9gia, em Sorocaba, no interior de S\u00e3o Paulo.\n<\/p>\n<p>Segundo a Pol\u00edcia Civil, o homem confessou o crime. Ele estava embriagado e se irritou com o animal, ap\u00f3s supostamente o bicho t\u00ea-lo mordido.<\/p>\n<p>Depois de matar o cachorro com o martelo, o acusado jogou o corpo em um container. Uma vizinha uma liga\u00e7\u00e3o da esposa do acusado, desesperada. Ent\u00e3o, a mulher encontrou o corpo.\n<\/p>\n<p>\u201cA vizinha foi at\u00e9 o local e retirou o c\u00e3o do lixo. Ela ainda informou que j\u00e1 havia ouvido epis\u00f3dios de gritos e agress\u00f5es do dono contra o animal em outras oportunidades\u201d, informou a corpora\u00e7\u00e3o, em nota.\n<\/p>\n<p>O homem foi levado a uma unidade de sa\u00fade, antes de ser encaminhado \u00e0 delegacia. No entanto, os m\u00e9dicos constataram que ele tinha uma les\u00e3o no bra\u00e7o direito n\u00e3o compat\u00edvel com mordida de cachorro.\n<\/p>\n<p><strong>Maus-tratos<\/strong>\n<\/p>\n<p>A Lei 14.064 de 2020 determina que maltratar c\u00e3es e gatos \u00e9 crime. A pena vai de dois a cinco anos de pris\u00e3o, multa e proibi\u00e7\u00e3o de ter a guarda de outro animal. No caso de morte do bicho, a pena pode aumentar.\n<\/p>\n<p>Fonte: Metr\u00f3poles <\/p>\n<\/div>\n<p><br \/>\n<br \/><a href=\"https:\/\/diariodobrasilnoticias.com.br\/noticia\/cachorro-e-morto-a-marteladas-por-seu-tutor-no-interior-de-sp-671573566e433\">Source link <\/a><\/p>","protected":false},"excerpt":{"rendered":"<p>Um homem de 61 anos foi preso em flagrante ap\u00f3s matar o pr\u00f3prio cachorro com um golpe de martelo, crime ocorrido nesse s\u00e1bado (19\/10), no bairro Vit\u00f3ria R\u00e9gia, em Sorocaba,&hellip;<\/p>","protected":false},"author":1,"featured_media":50257,"comment_status":"closed","ping_status":"open","sticky":false,"template":"","format":"standard","meta":{"content-type":"","footnotes":""},"categories":[16],"tags":[123,2448,5313,1267],"class_list":["post-50256","post","type-post","status-publish","format-standard","has-post-thumbnail","hentry","category-noticias","tag-brasil","tag-diario","tag-noticia","tag-noticias"],"_links":{"self":[{"href":"https:\/\/tvbrazilusa.com\/pt\/wp-json\/wp\/v2\/posts\/50256","targetHints":{"allow":["GET"]}}],"collection":[{"href":"https:\/\/tvbrazilusa.com\/pt\/wp-json\/wp\/v2\/posts"}],"about":[{"href":"https:\/\/tvbrazilusa.com\/pt\/wp-json\/wp\/v2\/types\/post"}],"author":[{"embeddable":true,"href":"https:\/\/tvbrazilusa.com\/pt\/wp-json\/wp\/v2\/users\/1"}],"replies":[{"embeddable":true,"href":"https:\/\/tvbrazilusa.com\/pt\/wp-json\/wp\/v2\/comments?post=50256"}],"version-history":[{"count":1,"href":"https:\/\/tvbrazilusa.com\/pt\/wp-json\/wp\/v2\/posts\/50256\/revisions"}],"predecessor-version":[{"id":50258,"href":"https:\/\/tvbrazilusa.com\/pt\/wp-json\/wp\/v2\/posts\/50256\/revisions\/50258"}],"wp:featuredmedia":[{"embeddable":true,"href":"https:\/\/tvbrazilusa.com\/pt\/wp-json\/wp\/v2\/media\/50257"}],"wp:attachment":[{"href":"https:\/\/tvbrazilusa.com\/pt\/wp-json\/wp\/v2\/media?parent=50256"}],"wp:term":[{"taxonomy":"category","embeddable":true,"href":"https:\/\/tvbrazilusa.com\/pt\/wp-json\/wp\/v2\/categories?post=50256"},{"taxonomy":"post_tag","embeddable":true,"href":"https:\/\/tvbrazilusa.com\/pt\/wp-json\/wp\/v2\/tags?post=50256"}],"curies":[{"name":"wp","href":"https:\/\/api.w.org\/{rel}","templated":true}]}}