{"id":50262,"date":"2024-10-21T00:32:27","date_gmt":"2024-10-21T00:32:27","guid":{"rendered":"https:\/\/tvbrazilusa.com\/2024\/10\/21\/homem-perde-o-controle-e-bate-porsche-avaliado-em-r-655-mil-veja-o-video\/"},"modified":"2024-10-21T00:32:28","modified_gmt":"2024-10-21T00:32:28","slug":"homem-perde-o-controle-e-bate-porsche-avaliado-em-r-655-mil-veja-o-video","status":"publish","type":"post","link":"https:\/\/tvbrazilusa.com\/pt\/2024\/10\/21\/homem-perde-o-controle-e-bate-porsche-avaliado-em-r-655-mil-veja-o-video\/","title":{"rendered":"Homem perde o controle e bate Porsche avaliado em R$ 655 mil; veja o v\u00eddeo"},"content":{"rendered":"<p> <script async src=\"https:\/\/pagead2.googlesyndication.com\/pagead\/js\/adsbygoogle.js?client=ca-pub-8864793242727901\"\r\n     crossorigin=\"anonymous\"><\/script><br \/>\n<\/p>\n<div id=\"taboola-read-more\" style=\"display:block; width:100%\">\n<p>O motorista de um Porsche 718 Boxster perdeu o controle do ve\u00edculo e bateu contra uma placa de tr\u00e2nsito e uma \u00e1rvore, por volta das 6h30 deste domingo (20), no bairro Hugo Lange, em Curitiba. Em seguida, ele abandonou o ve\u00edculo.\n<\/p>\n<p>Nas imagens de c\u00e2mera de seguran\u00e7a \u00e9 poss\u00edvel ver o momento em que o carro se perde, colide contra a \u00e1rvore e capota uma vez. Na sequ\u00eancia, o motorista sai do carro.<\/p>\n<p>O acidente foi registrado na rua Jo\u00e3o Am\u00e9rico de Oliveira. \u00c0 RPC, moradores da regi\u00e3o falaram que, ap\u00f3s o acidente, o condutor saiu do local e abandonou o ve\u00edculo.\n<\/p>\n<p>De acordo com a tabela Funda\u00e7\u00e3o Instituto de Pesquisas Econ\u00f4micas (FIPE), o carro \u00e9 avaliado em mais de R$ 655 mil.\n<\/p>\n<p>Moradores tamb\u00e9m informaram que a rua \u00e9 usada frequentemente para &#8220;rachas&#8221; e que muitos motoristas n\u00e3o respeitam a velocidade m\u00e1xima. Inclusive, a placa derrubada no acidente sinaliza a velocidade m\u00e1xima de 40 km\/h.\n<\/p>\n<p>Ainda de acordo com moradores, ningu\u00e9m se feriu.\n<\/p>\n<p>A Pol\u00edcia Militar e Civil disse que n\u00e3o foi notificada sobre o caso.\n<\/p>\n<p>Veja v\u00eddeo:\n<\/p>\n<p>Fonte: g1\n<\/p>\n<\/div>\n<p><br \/>\n<br \/><a href=\"https:\/\/diariodobrasilnoticias.com.br\/noticia\/homem-perde-o-controle-e-bate-porsche-avaliado-em-r-655-mil-veja-o-video-671576a784dae\">Source link <\/a><\/p>","protected":false},"excerpt":{"rendered":"<p>O motorista de um Porsche 718 Boxster perdeu o controle do ve\u00edculo e bateu contra uma placa de tr\u00e2nsito e uma \u00e1rvore, por volta das 6h30 deste domingo (20), no&hellip;<\/p>","protected":false},"author":1,"featured_media":50263,"comment_status":"closed","ping_status":"open","sticky":false,"template":"","format":"standard","meta":{"content-type":"","footnotes":""},"categories":[16],"tags":[123,2448,5313,1267],"class_list":["post-50262","post","type-post","status-publish","format-standard","has-post-thumbnail","hentry","category-noticias","tag-brasil","tag-diario","tag-noticia","tag-noticias"],"_links":{"self":[{"href":"https:\/\/tvbrazilusa.com\/pt\/wp-json\/wp\/v2\/posts\/50262","targetHints":{"allow":["GET"]}}],"collection":[{"href":"https:\/\/tvbrazilusa.com\/pt\/wp-json\/wp\/v2\/posts"}],"about":[{"href":"https:\/\/tvbrazilusa.com\/pt\/wp-json\/wp\/v2\/types\/post"}],"author":[{"embeddable":true,"href":"https:\/\/tvbrazilusa.com\/pt\/wp-json\/wp\/v2\/users\/1"}],"replies":[{"embeddable":true,"href":"https:\/\/tvbrazilusa.com\/pt\/wp-json\/wp\/v2\/comments?post=50262"}],"version-history":[{"count":1,"href":"https:\/\/tvbrazilusa.com\/pt\/wp-json\/wp\/v2\/posts\/50262\/revisions"}],"predecessor-version":[{"id":50264,"href":"https:\/\/tvbrazilusa.com\/pt\/wp-json\/wp\/v2\/posts\/50262\/revisions\/50264"}],"wp:featuredmedia":[{"embeddable":true,"href":"https:\/\/tvbrazilusa.com\/pt\/wp-json\/wp\/v2\/media\/50263"}],"wp:attachment":[{"href":"https:\/\/tvbrazilusa.com\/pt\/wp-json\/wp\/v2\/media?parent=50262"}],"wp:term":[{"taxonomy":"category","embeddable":true,"href":"https:\/\/tvbrazilusa.com\/pt\/wp-json\/wp\/v2\/categories?post=50262"},{"taxonomy":"post_tag","embeddable":true,"href":"https:\/\/tvbrazilusa.com\/pt\/wp-json\/wp\/v2\/tags?post=50262"}],"curies":[{"name":"wp","href":"https:\/\/api.w.org\/{rel}","templated":true}]}}