{"id":50268,"date":"2024-10-21T01:10:26","date_gmt":"2024-10-21T01:10:26","guid":{"rendered":"https:\/\/tvbrazilusa.com\/2024\/10\/21\/lula-teve-pequeno-sangramento-no-cerebro\/"},"modified":"2024-10-21T01:10:27","modified_gmt":"2024-10-21T01:10:27","slug":"lula-teve-pequeno-sangramento-no-cerebro","status":"publish","type":"post","link":"https:\/\/tvbrazilusa.com\/pt\/2024\/10\/21\/lula-teve-pequeno-sangramento-no-cerebro\/","title":{"rendered":"Lula teve pequeno sangramento no c\u00e9rebro"},"content":{"rendered":"<p> <script async src=\"https:\/\/pagead2.googlesyndication.com\/pagead\/js\/adsbygoogle.js?client=ca-pub-8864793242727901\"\r\n     crossorigin=\"anonymous\"><\/script><br \/>\n<\/p>\n<div id=\"taboola-read-more\" style=\"display:block; width:100%\">\n<p>A queda de Lula em um banheiro no Pal\u00e1cio da Alvorada, na noite de s\u00e1bado, 19, resultou em um \u201cpequeno sangramento cerebral\u201d, afirmou Roberto Kalil, m\u00e9dico do presidente.\n<\/p>\n<p>Por causa do acidente, o petista foi orientado a cancelar a viagem de avi\u00e3o que faria para a R\u00fassia. O chanceler Mauro Vieira vai assumir o comando da delega\u00e7\u00e3o brasileira no evento dos Brics, que ter\u00e1 o ditador Vladimir Putin como anfitri\u00e3o.<\/p>\n<p>Lula est\u00e1 liberado para outras atividades e segue sob cuidados m\u00e9dicos do cardiologista Roberto Kalil e da infectologista Ana Helena Germoglio.\n<\/p>\n<p>Ele ficar\u00e1 sob observa\u00e7\u00e3o pelas pr\u00f3ximas 72 horas. Na ter\u00e7a-feira, far\u00e1 novos exames.\n<\/p>\n<p>Segundo boletim m\u00e9dico do Hospital S\u00edrio-Liban\u00eas, Lula sofreu um ferimento corto-contuso na regi\u00e3o occipital, ou seja, uma les\u00e3o com corte e contus\u00e3o na parte de tr\u00e1s da cabe\u00e7a.\n<\/p>\n<p><strong>C\u00fapula dos Brics<\/strong>\n<\/p>\n<p>Lula iria a Kazan, na R\u00fassia, para participar da c\u00fapula de l\u00edderes do Brics, grupo formado originalmente por Brasil, R\u00fassia, \u00cdndia, China e \u00c1frica do Sul. Agora, ele participar\u00e1 do encontro por meio de videoconfer\u00eancia.\n<\/p>\n<p>A c\u00fapula tem atividades previstas de ter\u00e7a, 22, a quinta-feira, 24, e ter\u00e1 como anfitri\u00e3o o ditador Vladimir Putin. O autocrata russo n\u00e3o participou da \u00faltima reuni\u00e3o dos Brics na \u00c1frica do Sul, em 2023, diante do risco de ser preso por causa de um mandado do Tribunal Penal Internacional.\n<\/p>\n<p>Fonte: O Antagonista <\/p>\n<\/div>\n<p><br \/>\n<br \/><a href=\"https:\/\/diariodobrasilnoticias.com.br\/noticia\/lula-teve-pequeno-sangramento-no-cerebro-67157a6b87ff5\">Source link <\/a><\/p>","protected":false},"excerpt":{"rendered":"<p>A queda de Lula em um banheiro no Pal\u00e1cio da Alvorada, na noite de s\u00e1bado, 19, resultou em um \u201cpequeno sangramento cerebral\u201d, afirmou Roberto Kalil, m\u00e9dico do presidente. Por causa&hellip;<\/p>","protected":false},"author":1,"featured_media":50269,"comment_status":"closed","ping_status":"open","sticky":false,"template":"","format":"standard","meta":{"content-type":"","footnotes":""},"categories":[16],"tags":[123,2448,5313,1267],"class_list":["post-50268","post","type-post","status-publish","format-standard","has-post-thumbnail","hentry","category-noticias","tag-brasil","tag-diario","tag-noticia","tag-noticias"],"_links":{"self":[{"href":"https:\/\/tvbrazilusa.com\/pt\/wp-json\/wp\/v2\/posts\/50268","targetHints":{"allow":["GET"]}}],"collection":[{"href":"https:\/\/tvbrazilusa.com\/pt\/wp-json\/wp\/v2\/posts"}],"about":[{"href":"https:\/\/tvbrazilusa.com\/pt\/wp-json\/wp\/v2\/types\/post"}],"author":[{"embeddable":true,"href":"https:\/\/tvbrazilusa.com\/pt\/wp-json\/wp\/v2\/users\/1"}],"replies":[{"embeddable":true,"href":"https:\/\/tvbrazilusa.com\/pt\/wp-json\/wp\/v2\/comments?post=50268"}],"version-history":[{"count":1,"href":"https:\/\/tvbrazilusa.com\/pt\/wp-json\/wp\/v2\/posts\/50268\/revisions"}],"predecessor-version":[{"id":50270,"href":"https:\/\/tvbrazilusa.com\/pt\/wp-json\/wp\/v2\/posts\/50268\/revisions\/50270"}],"wp:featuredmedia":[{"embeddable":true,"href":"https:\/\/tvbrazilusa.com\/pt\/wp-json\/wp\/v2\/media\/50269"}],"wp:attachment":[{"href":"https:\/\/tvbrazilusa.com\/pt\/wp-json\/wp\/v2\/media?parent=50268"}],"wp:term":[{"taxonomy":"category","embeddable":true,"href":"https:\/\/tvbrazilusa.com\/pt\/wp-json\/wp\/v2\/categories?post=50268"},{"taxonomy":"post_tag","embeddable":true,"href":"https:\/\/tvbrazilusa.com\/pt\/wp-json\/wp\/v2\/tags?post=50268"}],"curies":[{"name":"wp","href":"https:\/\/api.w.org\/{rel}","templated":true}]}}