{"id":50288,"date":"2024-10-21T02:42:22","date_gmt":"2024-10-21T02:42:22","guid":{"rendered":"https:\/\/tvbrazilusa.com\/2024\/10\/21\/lula-vai-participar-de-forma-remota-e-delegacao-brasileira-mantem-presenca-na-cupula-do-brics\/"},"modified":"2024-10-21T02:42:23","modified_gmt":"2024-10-21T02:42:23","slug":"lula-vai-participar-de-forma-remota-e-delegacao-brasileira-mantem-presenca-na-cupula-do-brics","status":"publish","type":"post","link":"https:\/\/tvbrazilusa.com\/pt\/2024\/10\/21\/lula-vai-participar-de-forma-remota-e-delegacao-brasileira-mantem-presenca-na-cupula-do-brics\/","title":{"rendered":"Lula vai participar de forma remota e delega\u00e7\u00e3o brasileira mant\u00e9m presen\u00e7a na c\u00fapula do BRICS"},"content":{"rendered":"<p> <script async src=\"https:\/\/pagead2.googlesyndication.com\/pagead\/js\/adsbygoogle.js?client=ca-pub-8864793242727901\"\r\n     crossorigin=\"anonymous\"><\/script><br \/>\n<\/p>\n<div id=\"taboola-read-more\" style=\"display:block; width:100%\">\n<p>O ministro das Rela\u00e7\u00f5es Exteriores, Mauro Vieira, ir\u00e1 comandar a delega\u00e7\u00e3o brasileira que participar\u00e1 da C\u00fapula dos Brics na R\u00fassia ap\u00f3s o presidente Luiz In\u00e1cio Lula da Silva sofrer um acidente dom\u00e9stico no s\u00e1bado. O grupo embarca na noite deste domingo para Kazan para participar do evento que ocorre de 22 a 24 de outubro.\n<\/p>\n<p>Vieira foi at\u00e9 o Pal\u00e1cio da Alvorada neste domingo conversar com Lula sobre o novo formato da participa\u00e7\u00e3o do Brasil na c\u00fapula. De acordo com o Pal\u00e1cio do Planalto, Lula ir\u00e1 participar da C\u00fapula dos Brics por meio de videoconfer\u00eancia.<\/p>\n<p>Al\u00e9m de Mauro Vieira, Lula est\u00e1 conversando neste domingo com ministros que outros ministros que iriam acompanh\u00e1-lo na C\u00fapula dos Brics para reajustar sua participa\u00e7\u00e3o, entre eles Alexandre Silveira (Minas e Energia) e Paulo Teixeira (Desenvolvimento Agr\u00e1rio). Silveira tamb\u00e9m n\u00e3o ir\u00e1 mais a c\u00fapula.\n<\/p>\n<p>Lula sofreu uma queda no banheiro do Pal\u00e1cio do Alvorada nesse s\u00e1bado. De acordo com relatos, ele estava sentado em um banco que escorregou. Em seguida, Lula caiu e bateu a cabe\u00e7a, machucando a parte de tr\u00e1s da cabe\u00e7a, onde precisou levar cinco pontos e, por recomenda\u00e7\u00e3o m\u00e9dica, n\u00e3o ir\u00e1 mais a R\u00fassia.\n<\/p>\n<p><strong>C\u00fapula dos Brics<\/strong>\n<\/p>\n<p>A C\u00fapula do Brics, inicialmente formada por Brasil, R\u00fassia, \u00cdndia, China e \u00c1frica do Sul, inclui tamb\u00e9m, desde o ano passado, Egito, Ir\u00e3, Emirados \u00c1rabes Unidos, Ar\u00e1bia Saudita e Eti\u00f3pia.\n<\/p>\n<p>Com o ingresso de na\u00e7\u00f5es com regimes antidemocr\u00e1ticos, e mais de 30 outros candidatos a fazer parte do clube, como Venezuela e Nicar\u00e1gua, Lula iria aproveitar a viagem para recorrer ao pragmatismo e levar na mala a defesa de dois pontos considerados priorit\u00e1rios em sua pol\u00edtica externa.\n<\/p>\n<p>S\u00e3o eles a reforma da governan\u00e7a global, com destaque para o Conselho de Seguran\u00e7a da ONU, e a busca de formas de os pa\u00edses do bloco dependerem menos do d\u00f3lar nas transa\u00e7\u00f5es comerciais e de organismos multilaterais de cr\u00e9dito, como o Fundo Monet\u00e1rio Internacional e o Banco Mundial.\n<\/p>\n<p>O Brasil assumir\u00e1 a presid\u00eancia do Brics em janeiro de 2025, mas concentrar\u00e1 suas atividades no bloco no primeiro semestre. Na \u00faltima parte do ano, o foco ser\u00e1 a COP 30, confer\u00eancia mundial sobre o clima, sediada em Bel\u00e9m (PA).\n<\/p>\n<p>Agora por videoconfer\u00eancia, a ideia \u00e9 que Lula possa argumentar que haver\u00e1 resultados concretos, como aconteceu em 2014, na c\u00fapula realizada em Fortaleza (CE), com a cria\u00e7\u00e3o do Novo Banco de Desenvolvimento (NDB, sigla em ingl\u00eas), ou Banco do Brics.\n<\/p>\n<p>A institui\u00e7\u00e3o, at\u00e9 hoje, j\u00e1 emprestou mais de US$ 32 bilh\u00f5es (18% ao Brasil), sobretudo em infraestrutura, com uma forte pegada de sustentabilidade e &#8220;funding&#8221; formado basicamente no mercado de capitais, principalmente o chin\u00eas.\n<\/p>\n<p>Fonte: O Globo <\/p>\n<\/div>\n<p><br \/>\n<br \/><a href=\"https:\/\/diariodobrasilnoticias.com.br\/noticia\/lula-vai-participar-de-forma-remota-e-delegacao-brasileira-mantem-presenca-na-cupula-do-brics-6715619eab38f\">Source link <\/a><\/p>","protected":false},"excerpt":{"rendered":"<p>O ministro das Rela\u00e7\u00f5es Exteriores, Mauro Vieira, ir\u00e1 comandar a delega\u00e7\u00e3o brasileira que participar\u00e1 da C\u00fapula dos Brics na R\u00fassia ap\u00f3s o presidente Luiz In\u00e1cio Lula da Silva sofrer um&hellip;<\/p>","protected":false},"author":1,"featured_media":50289,"comment_status":"closed","ping_status":"open","sticky":false,"template":"","format":"standard","meta":{"content-type":"","footnotes":""},"categories":[16],"tags":[123,2448,5313,1267],"class_list":["post-50288","post","type-post","status-publish","format-standard","has-post-thumbnail","hentry","category-noticias","tag-brasil","tag-diario","tag-noticia","tag-noticias"],"_links":{"self":[{"href":"https:\/\/tvbrazilusa.com\/pt\/wp-json\/wp\/v2\/posts\/50288","targetHints":{"allow":["GET"]}}],"collection":[{"href":"https:\/\/tvbrazilusa.com\/pt\/wp-json\/wp\/v2\/posts"}],"about":[{"href":"https:\/\/tvbrazilusa.com\/pt\/wp-json\/wp\/v2\/types\/post"}],"author":[{"embeddable":true,"href":"https:\/\/tvbrazilusa.com\/pt\/wp-json\/wp\/v2\/users\/1"}],"replies":[{"embeddable":true,"href":"https:\/\/tvbrazilusa.com\/pt\/wp-json\/wp\/v2\/comments?post=50288"}],"version-history":[{"count":1,"href":"https:\/\/tvbrazilusa.com\/pt\/wp-json\/wp\/v2\/posts\/50288\/revisions"}],"predecessor-version":[{"id":50290,"href":"https:\/\/tvbrazilusa.com\/pt\/wp-json\/wp\/v2\/posts\/50288\/revisions\/50290"}],"wp:featuredmedia":[{"embeddable":true,"href":"https:\/\/tvbrazilusa.com\/pt\/wp-json\/wp\/v2\/media\/50289"}],"wp:attachment":[{"href":"https:\/\/tvbrazilusa.com\/pt\/wp-json\/wp\/v2\/media?parent=50288"}],"wp:term":[{"taxonomy":"category","embeddable":true,"href":"https:\/\/tvbrazilusa.com\/pt\/wp-json\/wp\/v2\/categories?post=50288"},{"taxonomy":"post_tag","embeddable":true,"href":"https:\/\/tvbrazilusa.com\/pt\/wp-json\/wp\/v2\/tags?post=50288"}],"curies":[{"name":"wp","href":"https:\/\/api.w.org\/{rel}","templated":true}]}}