{"id":50309,"date":"2024-10-21T00:59:50","date_gmt":"2024-10-21T00:59:50","guid":{"rendered":"https:\/\/tvbrazilusa.com\/2024\/10\/21\/lula-teve-traumatismo-craniano-mas-esta-bem-diz-medico-paulo-figueiredo\/"},"modified":"2024-10-21T03:50:57","modified_gmt":"2024-10-21T03:50:57","slug":"lula-teve-traumatismo-craniano-mas-esta-bem-diz-medico-paulo-figueiredo","status":"publish","type":"post","link":"https:\/\/tvbrazilusa.com\/pt\/2024\/10\/21\/lula-teve-traumatismo-craniano-mas-esta-bem-diz-medico-paulo-figueiredo\/","title":{"rendered":"Lula teve traumatismo craniano, mas est\u00e1 bem, diz m\u00e9dico &#8211; Paulo Figueiredo"},"content":{"rendered":"<p> <script async src=\"https:\/\/pagead2.googlesyndication.com\/pagead\/js\/adsbygoogle.js?client=ca-pub-8864793242727901\"\r\n     crossorigin=\"anonymous\"><\/script><br \/>\n<\/p>\n<div id=\"wtr-content\" data-bg=\"#FFFFFF\" data-fg=\"#006d91\" data-width=\"25\" data-mute=\"1\" data-fgopacity=\"1.00\" data-mutedopacity=\"0.5\" data-placement=\"bottom\" data-placement-offset=\"0\" data-content-offset=\"262\" data-placement-touch=\"bottom\" data-placement-offset-touch=\"0\" data-transparent=\"\" data-shadow=\"0\" data-touch=\"1\" data-non-touch=\"1\" data-comments=\"0\" data-commentsbg=\"transparent\" data-location=\"page\" data-mutedfg=\"#006d91\" data-endfg=\"#006d91\" data-rtl=\"\">\n<p class=\"has-small-font-size\">Foto \u2013 Sergio Camargo<\/p>\n<h3 class=\"wp-block-heading\">Roberto Kalil, m\u00e9dico cardiologista, que acompanha a sa\u00fade do presidente, afirma que ele precisou de pontos na cabe\u00e7a e ficar\u00e1 em observa\u00e7\u00e3o no Alvorada<\/h3>\n<p>O m\u00e9dico do presidente\u00a0Luiz In\u00e1cio Lula da Silva\u00a0(PT), Roberto Kalil Filho, disse neste domingo (20.out.2024) que o petista teve um traumatismo craniano causado\u00a0pela queda\u00a0que teve no Pal\u00e1cio da Alvorada. <\/p>\n<p><em>\u201cQualquer batida na cabe\u00e7a se chama TCE, que \u00e9 traumatismo cr\u00e2nio-encef\u00e1lico. No caso do presidente, ele bateu a cabe\u00e7a atr\u00e1s. \u00c9 um golpe e voc\u00ea tem imediatamente um contragolpe. O que \u00e9 isso? O nosso c\u00e9rebro fica, vamos dizer, sempre boiando, solto. Quando algu\u00e9m tem uma pancada atr\u00e1s da cabe\u00e7a, o c\u00e9rebro \u00e9 jogado para frente. \u00c9 empurrado com uma pot\u00eancia muito forte para a frente e bate nos ossos na regi\u00e3o da testa, dos olhos. O presidente teve uma contus\u00e3o traum\u00e1tica hemorr\u00e1gica, que nada mais \u00e9 do que um sangramento no c\u00e9rebro, interno, na parte da frente\u201d<\/em>.<\/p>\n<p>O\u00a0<strong>Poder360<\/strong>\u00a0perguntou se seria necess\u00e1rio fazer uma pun\u00e7\u00e3o para drenar o sangue que escorreu no c\u00e9rebro do presidente. Eis a resposta de Kalil:<\/p>\n<p><em>\u201cN\u00e3o ser\u00e1 necess\u00e1rio. Isso s\u00f3 \u00e9 um procedimento recomendado quando esse sangramento \u00e9 muito grande e come\u00e7a a comprometer e a esmagar o c\u00e9rebro. O que n\u00e3o \u00e9 definitivamente o caso do presidente. O sangramento foi m\u00ednimo. S\u00e3o pequenos pontos, m\u00ednimos, de sangramento\u201d<\/em>.<\/p>\n<p>A queda do presidente foi num banheiro no Alvorada, sentado num banquinho. Lula se levantou e, quando voltou a se sentar, o banquinho escorregou para tr\u00e1s e o presidente caiu batendo a cabe\u00e7a.<\/p>\n<p><em>\u201cO presidente estava muito bem-humorado hoje (20.out) cedo. Ao nos receber estava andando, brincando e sorrindo\u201d<\/em>, disse Kalil, que viajou de S\u00e3o Paulo para Bras\u00edlia junto com outros profissionais m\u00e9dicos para ver o presidente neste domingo.<\/p>\n<p><em>\u201cN\u00e3o ficou nem uma marca. Nos traumas maiores, isso acontece. Podem aparecer olheiras roxas. Mas n\u00e3o foi o caso do presidente. Ele teve pontinhos de sangramento, mas foram m\u00ednimos e isso pode ser visto nos exames de imagem\u201d<\/em>.<\/p>\n<p>O presidente deve repetir exames possivelmente nesta semana, na 3\u00aa feira (29.out) ou na 4\u00aa feira (30.out). Esses procedimentos ser\u00e3o realizados na unidade do hospital S\u00edrio-Liban\u00eas na capital federal. Ter\u00e1 de fazer uma resson\u00e2ncia magn\u00e9tica do c\u00e9rebro. At\u00e9 l\u00e1, Lula n\u00e3o deve viajar de avi\u00e3o, mas poder\u00e1 trabalhar normalmente.<\/p>\n<p>Se o presidente se sentir bem e o exame n\u00e3o mostrar nenhuma intercorr\u00eancia, no pr\u00f3ximo fim de semana, poder\u00e1 ir de avi\u00e3o para S\u00e3o Paulo para votar em S\u00e3o Bernardo do Campo (SP) e at\u00e9 participar de algum ato de campanha do candidato a prefeito de S\u00e3o Paulo,\u00a0Guilherme Boulos\u00a0(Psol).<\/p>\n<h3 class=\"wp-block-heading\">CANCELA IDA \u00c0 R\u00daSSIA<\/h3>\n<p>O chefe do Executivo\u00a0viajaria para a c\u00fapula dos Brics, em Kazan, na R\u00fassia, neste domingo (20.out). A viagem foi cancelada por conta do acidente. A recomenda\u00e7\u00e3o m\u00e9dica \u00e9 evitar viagens longas nas primeiras 24 horas depois da queda.<\/p>\n<p><em>\u201cOs pr\u00f3ximos dias ser\u00e3o de observa\u00e7\u00e3o, mas ele j\u00e1 pode retomar suas atividades normais. Est\u00e1 tudo bem com o presidente\u201d<\/em>, diz Kalil.<\/p>\n<p>A equipe m\u00e9dica orientou que o petista evite viagem a\u00e9rea de longa dist\u00e2ncia,\u00a0<em>\u201cpodendo exercer suas demais atividades\u201d<\/em>. <\/p>\n<p>O MRE (Minist\u00e9rio das Rela\u00e7\u00f5es Exteriores)\u00a0informou\u00a0que o ministro Mauro Vieira representar\u00e1 o presidente Lula na c\u00fapula dos Brics. Segundo o Itamaraty, o chefe do Executivo participar\u00e1 virtualmente da sess\u00e3o de chefes de Estado dos pa\u00edses integrantes dos Brics.<\/p>\n<hr class=\"wp-block-separator has-alpha-channel-opacity\"\/>\n<h3 class=\"wp-block-heading\">SA\u00daDE DE LULA<\/h3>\n<p>Apesar de est\u00e1vel hoje, a sa\u00fade de Lula passou por alguns problemas desde que assumiu o Planalto, em janeiro de 2023.Em 25 de fevereiro daquele ano, o petista fez uma resson\u00e2ncia na bacia, coluna e lombar no Hospital S\u00edrio-Liban\u00eas, em Bras\u00edlia. J\u00e1 em 25 de mar\u00e7o, cancelou sua viagem \u00e0 China para se recuperar de uma broncopneumonia bacteriana e viral pelo v\u00edrus influenza A.<\/p>\n<p>No final de setembro, o presidente precisou passar por uma cirurgia no quadril por causa de uma artrose na perna direita. A doen\u00e7a \u00e9 um desgaste na articula\u00e7\u00e3o, que no caso de Lula acomete a que fica entre o quadril e o f\u00eamur. <\/p>\n<p>Lula aproveitou e fez uma cirurgia pl\u00e1stica no mesmo dia. Retirou o excesso de pele nas p\u00e1lpebras, que, segundo seu m\u00e9dico, Roberto Kalil, por vezes atrapalhava a vis\u00e3o do petista.<\/p>\n<p>Os 2 procedimentos foram bem sucedidos e sem intercorr\u00eancias. Lula recebeu alta do hospital 2 dias antes do previsto. Ficou 3 semanas recluso no Pal\u00e1cio do Alvorada para evitar infec\u00e7\u00f5es e se dedicar a fisioterapia. Mas j\u00e1 na mesma semana da cirurgia conseguiu caminhar e subir alguns degraus de escada. Na 2\u00aa semana, j\u00e1 teve compromissos oficiais e voltou a trabalhar de forma remota.<\/p>\n<p>Leia no infogr\u00e1fico abaixo um hist\u00f3rico da sa\u00fade do presidente:<\/p>\n<div class=\"wp-block-image\">\n<figure class=\"aligncenter is-resized\"><\/figure>\n<\/div>\n<p><strong><a href=\"https:\/\/www.poder360.com.br\/poder-governo\/lula-teve-traumatismo-craniano-mas-esta-bem-diz-medico\/\">Source link<\/a><\/strong><\/p>\n<\/div>\n<p><br \/>\n<br \/><a href=\"https:\/\/paulofigueiredoshow.com\/lula-teve-traumatismo-craniano-mas-esta-bem-diz-medico\/\">Source link <\/a><\/p>","protected":false},"excerpt":{"rendered":"<p>Foto \u2013 Sergio Camargo Roberto Kalil, m\u00e9dico cardiologista, que acompanha a sa\u00fade do presidente, afirma que ele precisou de pontos na cabe\u00e7a e ficar\u00e1 em observa\u00e7\u00e3o no Alvorada O m\u00e9dico&hellip;<\/p>","protected":false},"author":1,"featured_media":50310,"comment_status":"closed","ping_status":"open","sticky":false,"template":"","format":"standard","meta":{"content-type":"","footnotes":""},"categories":[16],"tags":[19177,28790,3506,28791,8820,89,1954,28792,28793,1082],"class_list":["post-50309","post","type-post","status-publish","format-standard","has-post-thumbnail","hentry","category-noticias","tag-alvorada","tag-banheiro","tag-cancela","tag-craninano","tag-kalil","tag-lula","tag-queda","tag-sabado","tag-traumatismo","tag-viagem"],"_links":{"self":[{"href":"https:\/\/tvbrazilusa.com\/pt\/wp-json\/wp\/v2\/posts\/50309","targetHints":{"allow":["GET"]}}],"collection":[{"href":"https:\/\/tvbrazilusa.com\/pt\/wp-json\/wp\/v2\/posts"}],"about":[{"href":"https:\/\/tvbrazilusa.com\/pt\/wp-json\/wp\/v2\/types\/post"}],"author":[{"embeddable":true,"href":"https:\/\/tvbrazilusa.com\/pt\/wp-json\/wp\/v2\/users\/1"}],"replies":[{"embeddable":true,"href":"https:\/\/tvbrazilusa.com\/pt\/wp-json\/wp\/v2\/comments?post=50309"}],"version-history":[{"count":1,"href":"https:\/\/tvbrazilusa.com\/pt\/wp-json\/wp\/v2\/posts\/50309\/revisions"}],"predecessor-version":[{"id":50311,"href":"https:\/\/tvbrazilusa.com\/pt\/wp-json\/wp\/v2\/posts\/50309\/revisions\/50311"}],"wp:featuredmedia":[{"embeddable":true,"href":"https:\/\/tvbrazilusa.com\/pt\/wp-json\/wp\/v2\/media\/50310"}],"wp:attachment":[{"href":"https:\/\/tvbrazilusa.com\/pt\/wp-json\/wp\/v2\/media?parent=50309"}],"wp:term":[{"taxonomy":"category","embeddable":true,"href":"https:\/\/tvbrazilusa.com\/pt\/wp-json\/wp\/v2\/categories?post=50309"},{"taxonomy":"post_tag","embeddable":true,"href":"https:\/\/tvbrazilusa.com\/pt\/wp-json\/wp\/v2\/tags?post=50309"}],"curies":[{"name":"wp","href":"https:\/\/api.w.org\/{rel}","templated":true}]}}