{"id":50337,"date":"2024-10-21T08:00:01","date_gmt":"2024-10-21T08:00:01","guid":{"rendered":"https:\/\/tvbrazilusa.com\/2024\/10\/21\/querida-abby-minha-mae-de-98-anos-nunca-recebe-visitas-de-seus-oito-netos\/"},"modified":"2024-10-21T08:57:35","modified_gmt":"2024-10-21T08:57:35","slug":"querida-abby-minha-mae-de-98-anos-nunca-recebe-visitas-de-seus-oito-netos","status":"publish","type":"post","link":"https:\/\/tvbrazilusa.com\/pt\/2024\/10\/21\/querida-abby-minha-mae-de-98-anos-nunca-recebe-visitas-de-seus-oito-netos\/","title":{"rendered":"Querida Abby: Minha m\u00e3e de 98 anos nunca recebe visitas de seus oito netos"},"content":{"rendered":"<script async src=\"https:\/\/pagead2.googlesyndication.com\/pagead\/js\/adsbygoogle.js?client=ca-pub-8864793242727901\"\r\n     crossorigin=\"anonymous\"><\/script>\n<div>\n<p class=\"article__paragraph article__paragraph--left\" id=\"3V2E4KET2ZHSVEPACGZE7CJEIA\">QUERIDA ABBY: Minha m\u00e3e de 98 anos passou os \u00faltimos oito anos em uma casa de repouso. Meus irm\u00e3os e eu a colocamos l\u00e1 quando sua sa\u00fade piorou a tal ponto que n\u00e3o era mais seguro para ela viver sozinha. Sua mente \u00e9 afiada, mas ela tem dificuldade em se movimentar e cuidar de si mesma. Ela fez amigos l\u00e1 e \u00e9 amada por todos que a conhecem.<\/p>\n<p class=\"article__paragraph article__paragraph--left\" id=\"TNZ3M7HWZJCNPADUD7M3ELZCTU\">Moro a 65 milhas de dist\u00e2ncia e a visito a cada duas semanas. Meu irm\u00e3o mora a v\u00e1rias horas de dist\u00e2ncia e tenta v\u00ea-la a cada seis ou oito semanas. Minhas irm\u00e3s moram mais perto e visitam mam\u00e3e com frequ\u00eancia. Mam\u00e3e gosta dessas visitas.<\/p>\n<p class=\"article__paragraph article__paragraph--left\" id=\"E5MZXILT3JERRLOVCXQZJOSE3M\">O problema s\u00e3o os oito netos. A maioria deles mora perto e est\u00e1 muito ocupada ou diz que n\u00e3o suporta visitar a vov\u00f3 \u201cem casa\u201d. Quem mora mais longe quase nunca liga. Meus irm\u00e3os e eu tentamos dar dicas sutis, dizendo-lhes o quanto uma visita significaria para ela, sem sucesso. Minha preocupa\u00e7\u00e3o \u00e9 que algum dia eles percebam o erro que cometeram ao n\u00e3o visit\u00e1-la enquanto ela ainda pode manter uma conversa significativa.<\/p>\n<p class=\"article__paragraph article__paragraph--left\" id=\"SV24TQQNZRAPVKAFXSKG7FU3MQ\">Mam\u00e3e nunca reclama, mas disse que gostaria de ver ou ouvir mais dos parentes. Por que as pessoas sempre t\u00eam tempo para ir a um funeral, mas n\u00e3o reservam tempo para visitar algu\u00e9m especial enquanto ainda est\u00e3o vivos? Espero que minha carta conven\u00e7a algu\u00e9m a encontrar tempo em sua agenda lotada para visitar uma pessoa em uma casa de repouso. &#8211; FILHA EM ROCHESTER, NY<\/p>\n<p class=\"article__paragraph article__paragraph--left\" id=\"SPVD7SDQOZAENIJX63ANCEPVMU\">QUERIDA FILHA: Voc\u00ea \u00e9 uma filha carinhosa. Eu tamb\u00e9m espero que sua carta forne\u00e7a um lembrete oportuno de que o momento de fazer amizade com as pessoas \u00e9 enquanto elas respiram. Suspeito que muitos evitam lares de idosos e centros de cuidados porque os consideram deprimentes. Por\u00e9m, a menos que o paciente\/residente esteja t\u00e3o enfermo que n\u00e3o possa ser movido, nada impede que um filho, filha ou neto leve seu parente para sair para um bom brunch, almo\u00e7o ou jantar.<\/p>\n<p class=\"article__paragraph article__paragraph--center\" id=\"EFPFQXJTLRE3HL5ST73ZIS2CII\">Na pr\u00f3xima vez que voc\u00ea visitar sua m\u00e3e, leve um ou mais de seus filhos junto. Isso diminuiria a responsabilidade de conversar com eles e, se voc\u00ea puder sair com sua m\u00e3e, a mudan\u00e7a de cen\u00e1rio poder\u00e1 beneficiar todos os envolvidos.<\/p>\n<p class=\"article__paragraph article__paragraph--center\" id=\"L433C5AXN5ER7CQCHUKJ5ZY5H4\">***<\/p>\n<p class=\"article__paragraph article__paragraph--left\" id=\"NVJXZ46LCVARVPWYTTXR6EUAOY\"><i>Dear Abby foi escrita por Abigail Van Buren, tamb\u00e9m conhecida como Jeanne Phillips, e foi fundada por sua m\u00e3e, Pauline Phillips. Entre em contato com a querida Abby em <\/i><a href=\"http:\/\/www.dearabby.com\/\"><i>www.DearAbby.com<\/i><\/a><i>  ou PO Box 69440, Los Angeles, CA 90069.<\/i><\/p>\n<section class=\"Stories-By-Section-Tag-module_wrapper__69Ed7 Stories-By-Section-Tag-module_nj__RFbQx\"\/><\/div>\n<p><br \/>\n<br \/><a href=\"https:\/\/www.nj.com\/advice\/2024\/10\/dear-abby-my-98-year-old-mother-never-receives-visits-from-her-eight-grandchildren.html\">Source link <\/a><\/p>","protected":false},"excerpt":{"rendered":"<p>QUERIDA ABBY: Minha m\u00e3e de 98 anos passou os \u00faltimos oito anos em uma casa de repouso. Meus irm\u00e3os e eu a colocamos l\u00e1 quando sua sa\u00fade piorou a tal&hellip;<\/p>","protected":false},"author":1,"featured_media":4895,"comment_status":"closed","ping_status":"open","sticky":false,"template":"","format":"standard","meta":{"content-type":"","footnotes":""},"categories":[1],"tags":[],"class_list":["post-50337","post","type-post","status-publish","format-standard","has-post-thumbnail","hentry","category-uncategorized"],"_links":{"self":[{"href":"https:\/\/tvbrazilusa.com\/pt\/wp-json\/wp\/v2\/posts\/50337","targetHints":{"allow":["GET"]}}],"collection":[{"href":"https:\/\/tvbrazilusa.com\/pt\/wp-json\/wp\/v2\/posts"}],"about":[{"href":"https:\/\/tvbrazilusa.com\/pt\/wp-json\/wp\/v2\/types\/post"}],"author":[{"embeddable":true,"href":"https:\/\/tvbrazilusa.com\/pt\/wp-json\/wp\/v2\/users\/1"}],"replies":[{"embeddable":true,"href":"https:\/\/tvbrazilusa.com\/pt\/wp-json\/wp\/v2\/comments?post=50337"}],"version-history":[{"count":1,"href":"https:\/\/tvbrazilusa.com\/pt\/wp-json\/wp\/v2\/posts\/50337\/revisions"}],"predecessor-version":[{"id":50338,"href":"https:\/\/tvbrazilusa.com\/pt\/wp-json\/wp\/v2\/posts\/50337\/revisions\/50338"}],"wp:featuredmedia":[{"embeddable":true,"href":"https:\/\/tvbrazilusa.com\/pt\/wp-json\/wp\/v2\/media\/4895"}],"wp:attachment":[{"href":"https:\/\/tvbrazilusa.com\/pt\/wp-json\/wp\/v2\/media?parent=50337"}],"wp:term":[{"taxonomy":"category","embeddable":true,"href":"https:\/\/tvbrazilusa.com\/pt\/wp-json\/wp\/v2\/categories?post=50337"},{"taxonomy":"post_tag","embeddable":true,"href":"https:\/\/tvbrazilusa.com\/pt\/wp-json\/wp\/v2\/tags?post=50337"}],"curies":[{"name":"wp","href":"https:\/\/api.w.org\/{rel}","templated":true}]}}