{"id":50372,"date":"2024-10-21T11:52:00","date_gmt":"2024-10-21T11:52:00","guid":{"rendered":"https:\/\/tvbrazilusa.com\/2024\/10\/21\/bebe-e-retirada-do-proprio-velorio-apos-dar-sinais-de-vida-diz-funeraria\/"},"modified":"2024-10-21T11:52:02","modified_gmt":"2024-10-21T11:52:02","slug":"bebe-e-retirada-do-proprio-velorio-apos-dar-sinais-de-vida-diz-funeraria","status":"publish","type":"post","link":"https:\/\/tvbrazilusa.com\/pt\/2024\/10\/21\/bebe-e-retirada-do-proprio-velorio-apos-dar-sinais-de-vida-diz-funeraria\/","title":{"rendered":"Beb\u00ea \u00e9 retirada do pr\u00f3prio vel\u00f3rio ap\u00f3s dar sinais de vida, diz funer\u00e1ria"},"content":{"rendered":"<p> <script async src=\"https:\/\/pagead2.googlesyndication.com\/pagead\/js\/adsbygoogle.js?client=ca-pub-8864793242727901\"\r\n     crossorigin=\"anonymous\"><\/script><br \/>\n<\/p>\n<div id=\"taboola-read-more\" style=\"display:block; width:100%\">\n<p>Uma crian\u00e7a de 8 meses foi retirada do seu pr\u00f3prio vel\u00f3rio, no s\u00e1bado (19), em Santa Catarina, ap\u00f3s suspeitas de que ainda estivesse viva. Ela teria mexido as m\u00e3os enquanto era velada pela fam\u00edlia.\n<\/p>\n<p>A beb\u00ea estava sendo velada quando, supostamente, mexeu uma das m\u00e3os. O caso aconteceu em Correia Pinto, no interior de Santa Catarina, na tarde de s\u00e1bado (19).<\/p>\n<p>Um farmac\u00eautico conhecido pela fam\u00edlia foi chamado para auxiliar no caso. O Corpo de Bombeiros Militar foi chamado para atender \u00e0 ocorr\u00eancia. Ap\u00f3s a chegada, os bombeiros constataram que havia sinal de satura\u00e7\u00e3o de oxig\u00eanio, que estava em 83%, e 66 batimentos card\u00edacos por minuto, n\u00edveis considerados baixos, mas que atestavam que a crian\u00e7a ainda estava viva.\n<\/p>\n<p>Bombeiros decidiram encaminhar a beb\u00ea novamente ao hospital. As informa\u00e7\u00f5es foram prestadas ao MPSC (Minist\u00e9rio P\u00fablico de Santa Catarina), que pediu investiga\u00e7\u00e3o imediata sobre a morte.\n<\/p>\n<p>No hospital, o mesmo que emitiu a declara\u00e7\u00e3o de \u00f3bito da crian\u00e7a na madrugada de s\u00e1bado, foi constatada novamente a morte ap\u00f3s exame de eletrocardiograma. Em nota, a Prefeitura de Correia Pinto informou que a crian\u00e7a foi atendida no Hospital Faustino Riscarolli e que a diretoria geral da institui\u00e7\u00e3o acionou o IGP-SC (Instituto Geral de Per\u00edcias) para fazer an\u00e1lise cadav\u00e9rica.\n<\/p>\n<p>&#8220;Mais tarde, por volta das 19 horas, a crian\u00e7a foi novamente trazida ao hospital pelo Corpo de Bombeiros Municipal, com relato de sinais de satura\u00e7\u00e3o. A equipe m\u00e9dica, mais uma vez atendeu a crian\u00e7a, e foi constatado o \u00f3bito. Diante dessa situa\u00e7\u00e3o, a Diretora Geral da Funda\u00e7\u00e3o Hospitalar Faustino Riscarolli prontamente acionou o Instituto Geral de Per\u00edcias, que realizar\u00e1 a an\u00e1lise e emitir\u00e1 o laudo conclusivo no prazo de aproximadamente 30 dias.&#8221; Nota da Prefeitura de Correia Pinto\n<\/p>\n<p>Agente funer\u00e1rio diz que recebeu declara\u00e7\u00e3o de \u00f3bito do hospital<br \/>Na madrugada de s\u00e1bado, a declara\u00e7\u00e3o de \u00d3bito da beb\u00ea foi entregue a um agente funer\u00e1rio. \u00c1ureo Ramos, que administra a Funer\u00e1ria S\u00e3o Jos\u00e9, disse que atendeu a fam\u00edlia da crian\u00e7a e que o processo de recebimento e transporte do corpo aconteceu dentro da normalidade.\n<\/p>\n<p>Contudo, por se tratar de um beb\u00ea, a prepara\u00e7\u00e3o do corpo para o vel\u00f3rio se deu de forma diferente. Ramos explica que n\u00e3o houve a tanatopraxia \u2014 remo\u00e7\u00e3o de fases e l\u00edquidos do corpo.\n<\/p>\n<p>O respons\u00e1vel pela funer\u00e1ria disse que foi chamado at\u00e9 o vel\u00f3rio ap\u00f3s relatarem que a crian\u00e7a mexeu a m\u00e3o. Ao chegar l\u00e1, Ramos acompanhou o trabalho dos bombeiros e notou que havia satura\u00e7\u00e3o de oxig\u00eanio.\n<\/p>\n<p>IGP vai analisar causas da morte<br \/>Constava na declara\u00e7\u00e3o de \u00f3bito da crian\u00e7a desidrata\u00e7\u00e3o. Contudo, ap\u00f3s o epis\u00f3dio, o corpo da beb\u00ea foi entregue ao IGP-SC, que analisar\u00e1 as causas da morte e entregar\u00e1 um relat\u00f3rio em 30 dias, segundo o MPSC. Ainda de acordo com o MPSC, em nota, o m\u00e9dico que atendeu \u00e0 fam\u00edlia havia relatado que a crian\u00e7a morreu ap\u00f3s asfixia por v\u00f4mito \u2014 diferente do que constava na declara\u00e7\u00e3o.\n<\/p>\n<p>\u00c0s 13h deste domingo (20), o corpo da crian\u00e7a foi novamente entregue para a funer\u00e1ria. O administrador do local disse que um novo vel\u00f3rio foi realizado, mas que a causa da morte n\u00e3o \u00e9 mais sabida.\n<\/p>\n<p>O MPSC se pronunciou pedindo apura\u00e7\u00e3o imediata do que aconteceu.\n<\/p>\n<p>Com informa\u00e7\u00f5es de UOL <\/p>\n<\/div>\n<p><br \/>\n<br \/><a href=\"https:\/\/diariodobrasilnoticias.com.br\/noticia\/bebe-e-retirada-do-proprio-velorio-apos-dar-sinais-de-vida-diz-funeraria-671637c114bb5\">Source link <\/a><\/p>","protected":false},"excerpt":{"rendered":"<p>Uma crian\u00e7a de 8 meses foi retirada do seu pr\u00f3prio vel\u00f3rio, no s\u00e1bado (19), em Santa Catarina, ap\u00f3s suspeitas de que ainda estivesse viva. Ela teria mexido as m\u00e3os enquanto&hellip;<\/p>","protected":false},"author":1,"featured_media":50373,"comment_status":"closed","ping_status":"open","sticky":false,"template":"","format":"standard","meta":{"content-type":"","footnotes":""},"categories":[16],"tags":[123,2448,5313,1267],"class_list":["post-50372","post","type-post","status-publish","format-standard","has-post-thumbnail","hentry","category-noticias","tag-brasil","tag-diario","tag-noticia","tag-noticias"],"_links":{"self":[{"href":"https:\/\/tvbrazilusa.com\/pt\/wp-json\/wp\/v2\/posts\/50372","targetHints":{"allow":["GET"]}}],"collection":[{"href":"https:\/\/tvbrazilusa.com\/pt\/wp-json\/wp\/v2\/posts"}],"about":[{"href":"https:\/\/tvbrazilusa.com\/pt\/wp-json\/wp\/v2\/types\/post"}],"author":[{"embeddable":true,"href":"https:\/\/tvbrazilusa.com\/pt\/wp-json\/wp\/v2\/users\/1"}],"replies":[{"embeddable":true,"href":"https:\/\/tvbrazilusa.com\/pt\/wp-json\/wp\/v2\/comments?post=50372"}],"version-history":[{"count":1,"href":"https:\/\/tvbrazilusa.com\/pt\/wp-json\/wp\/v2\/posts\/50372\/revisions"}],"predecessor-version":[{"id":50374,"href":"https:\/\/tvbrazilusa.com\/pt\/wp-json\/wp\/v2\/posts\/50372\/revisions\/50374"}],"wp:featuredmedia":[{"embeddable":true,"href":"https:\/\/tvbrazilusa.com\/pt\/wp-json\/wp\/v2\/media\/50373"}],"wp:attachment":[{"href":"https:\/\/tvbrazilusa.com\/pt\/wp-json\/wp\/v2\/media?parent=50372"}],"wp:term":[{"taxonomy":"category","embeddable":true,"href":"https:\/\/tvbrazilusa.com\/pt\/wp-json\/wp\/v2\/categories?post=50372"},{"taxonomy":"post_tag","embeddable":true,"href":"https:\/\/tvbrazilusa.com\/pt\/wp-json\/wp\/v2\/tags?post=50372"}],"curies":[{"name":"wp","href":"https:\/\/api.w.org\/{rel}","templated":true}]}}