{"id":50375,"date":"2024-10-21T12:04:39","date_gmt":"2024-10-21T12:04:39","guid":{"rendered":"https:\/\/tvbrazilusa.com\/2024\/10\/21\/governo-e-congresso-se-mobilizam-para-regular-agencias-reguladoras\/"},"modified":"2024-10-21T12:04:41","modified_gmt":"2024-10-21T12:04:41","slug":"governo-e-congresso-se-mobilizam-para-regular-agencias-reguladoras","status":"publish","type":"post","link":"https:\/\/tvbrazilusa.com\/pt\/2024\/10\/21\/governo-e-congresso-se-mobilizam-para-regular-agencias-reguladoras\/","title":{"rendered":"Governo e Congresso se mobilizam para regular ag\u00eancias reguladoras"},"content":{"rendered":"<p> <script async src=\"https:\/\/pagead2.googlesyndication.com\/pagead\/js\/adsbygoogle.js?client=ca-pub-8864793242727901\"\r\n     crossorigin=\"anonymous\"><\/script><br \/>\n<\/p>\n<div>\n<figure class=\"post-image\">\n<\/figure>\n<p><span style=\"font-size: 12px\">Foto: Hugo Barreto\/Metr\u00f3poles<\/span><\/p>\n<div id=\"taboola-read-more\" style=\"display:block; width:100%\">\n<p>O governo de Luiz In\u00e1cio Lula da Silva (PT) e o Congresso Nacional t\u00eam intensificado os debates a respeito da normatiza\u00e7\u00e3o das ag\u00eancias reguladoras, como \u00e9 o caso da Ag\u00eancia Nacional de Energia El\u00e9trica (Aneel). A quest\u00e3o tem ganhado espa\u00e7o dentro do Executivo depois dos estragos causados pelas fortes chuvas e pelos ventos de mais de 100 km\/h que atingiram S\u00e3o Paulo e deixaram mais de 2,1 milh\u00f5es de pessoas sem luz.\n<\/p>\n<p>O ministro de Minas e Energia, Alexandre Silveira, criticou os mandados das ag\u00eancias reguladoras e a condu\u00e7\u00e3o do apag\u00e3o pela Aneel. \u201cEu n\u00e3o concordo com mandato. Se tiver que ter mandato, eu concordo plenamente com o governo. Sabe por que eu n\u00e3o concordo com mandato? Porque autonomia todos j\u00e1 t\u00eam\u201d, disse.<\/p>\n<p>O gerenciamento da Aneel tamb\u00e9m tem sido criticado por parte dos membros do Congresso Nacional. Fontes ligadas ao presidente da C\u00e2mara dos Deputados, Arthur Lira (PP-AL), defendem uma mudan\u00e7a na normatiza\u00e7\u00e3o das ag\u00eancias reguladoras e que propostas a respeito do tema entrem em discuss\u00e3o logo ap\u00f3s o segundo turno das elei\u00e7\u00f5es municipais, marcado para 27 de outubro.\n<\/p>\n<p>Lira tem contado a interlocutores que uma mudan\u00e7a nas ag\u00eancias reguladoras n\u00e3o pode ocorrer de forma precipitada ou no calor do momento.\n<\/p>\n<p><strong>Metr\u00f3poles<\/strong> <\/p>\n<\/div>\n<div class=\"row mt-3\">\n<div class=\"col-sm-6\">\n<p><a href=\"https:\/\/chat.whatsapp.com\/J6hwSKYns5B0XFowx2wZ0P\" target=\"_blank\" rel=\"noopener\"><br \/>\n<img decoding=\"async\" src=\"https:\/\/diariodobrasilnoticias.com.br\/assets-site\/images\/bot_whatsapp.png\"\/><\/a>\n<\/div>\n<div class=\"col-sm-6\">\n<a href=\"https:\/\/t.me\/+_4gTmi5LKo03OTM5\" target=\"_blank\" rel=\"noopener\"><br \/>\n<img decoding=\"async\" src=\"https:\/\/diariodobrasilnoticias.com.br\/assets-site\/images\/bot_telegram.png\"\/><\/a>\n<\/div>\n<\/div>\n<\/div>\n<p><br \/>\n<br \/><a href=\"https:\/\/diariodobrasilnoticias.com.br\/noticia\/-governo-e-congresso-se-mobilizam-para-regular-agencias-reguladoras-6716386daf37e\">Source link <\/a><\/p>","protected":false},"excerpt":{"rendered":"<p>Foto: Hugo Barreto\/Metr\u00f3poles O governo de Luiz In\u00e1cio Lula da Silva (PT) e o Congresso Nacional t\u00eam intensificado os debates a respeito da normatiza\u00e7\u00e3o das ag\u00eancias reguladoras, como \u00e9 o&hellip;<\/p>","protected":false},"author":1,"featured_media":50376,"comment_status":"closed","ping_status":"open","sticky":false,"template":"","format":"standard","meta":{"content-type":"","footnotes":""},"categories":[16],"tags":[123,2448,5313,1267],"class_list":["post-50375","post","type-post","status-publish","format-standard","has-post-thumbnail","hentry","category-noticias","tag-brasil","tag-diario","tag-noticia","tag-noticias"],"_links":{"self":[{"href":"https:\/\/tvbrazilusa.com\/pt\/wp-json\/wp\/v2\/posts\/50375","targetHints":{"allow":["GET"]}}],"collection":[{"href":"https:\/\/tvbrazilusa.com\/pt\/wp-json\/wp\/v2\/posts"}],"about":[{"href":"https:\/\/tvbrazilusa.com\/pt\/wp-json\/wp\/v2\/types\/post"}],"author":[{"embeddable":true,"href":"https:\/\/tvbrazilusa.com\/pt\/wp-json\/wp\/v2\/users\/1"}],"replies":[{"embeddable":true,"href":"https:\/\/tvbrazilusa.com\/pt\/wp-json\/wp\/v2\/comments?post=50375"}],"version-history":[{"count":1,"href":"https:\/\/tvbrazilusa.com\/pt\/wp-json\/wp\/v2\/posts\/50375\/revisions"}],"predecessor-version":[{"id":50377,"href":"https:\/\/tvbrazilusa.com\/pt\/wp-json\/wp\/v2\/posts\/50375\/revisions\/50377"}],"wp:featuredmedia":[{"embeddable":true,"href":"https:\/\/tvbrazilusa.com\/pt\/wp-json\/wp\/v2\/media\/50376"}],"wp:attachment":[{"href":"https:\/\/tvbrazilusa.com\/pt\/wp-json\/wp\/v2\/media?parent=50375"}],"wp:term":[{"taxonomy":"category","embeddable":true,"href":"https:\/\/tvbrazilusa.com\/pt\/wp-json\/wp\/v2\/categories?post=50375"},{"taxonomy":"post_tag","embeddable":true,"href":"https:\/\/tvbrazilusa.com\/pt\/wp-json\/wp\/v2\/tags?post=50375"}],"curies":[{"name":"wp","href":"https:\/\/api.w.org\/{rel}","templated":true}]}}