{"id":50387,"date":"2024-10-21T12:35:13","date_gmt":"2024-10-21T12:35:13","guid":{"rendered":"https:\/\/tvbrazilusa.com\/2024\/10\/21\/furacao-oscar-chega-em-cuba-e-causa-preocupacao\/"},"modified":"2024-10-21T12:35:15","modified_gmt":"2024-10-21T12:35:15","slug":"furacao-oscar-chega-em-cuba-e-causa-preocupacao","status":"publish","type":"post","link":"https:\/\/tvbrazilusa.com\/pt\/2024\/10\/21\/furacao-oscar-chega-em-cuba-e-causa-preocupacao\/","title":{"rendered":"Furac\u00e3o Oscar chega em Cuba e causa preocupa\u00e7\u00e3o"},"content":{"rendered":"<p> <script async src=\"https:\/\/pagead2.googlesyndication.com\/pagead\/js\/adsbygoogle.js?client=ca-pub-8864793242727901\"\r\n     crossorigin=\"anonymous\"><\/script><br \/>\n<\/p>\n<div id=\"taboola-read-more\" style=\"display:block; width:100%\">\n<p>Na noite de domingo, 20 de outubro, o furac\u00e3o Oscar atingiu Cuba, aprofundando ainda mais a crise gerada por um apag\u00e3o que deixou milh\u00f5es de pessoas sem energia desde a sexta-feira anterior. Com ventos superiores a 120 km\/h, o furac\u00e3o trouxe tempestades esperadas ao longo da costa norte da ilha.\n<\/p>\n<p>J\u00e1 enfrentando um colapso na rede el\u00e9trica, a chegada do Oscar piorou a situa\u00e7\u00e3o, com cerca de 16% do pa\u00eds tendo a energia restabelecida at\u00e9 s\u00e1bado. As condi\u00e7\u00f5es meteorol\u00f3gicas adversas devem perdurar pela semana, com riscos de inunda\u00e7\u00f5es e deslizamentos especialmente na regi\u00e3o da Sierra Maestra.<\/p>\n<p><strong>Impactos Antecipados do Furac\u00e3o Oscar<\/strong>\n<\/p>\n<p>Com a passagem do Oscar, espera-se que diversas \u00e1reas de Cuba recebam chuvas volumosas, acumulando at\u00e9 20 cent\u00edmetros em algumas regi\u00f5es. Al\u00e9m disso, a queda de \u00e1rvores e postes de energia agrava os problemas causados pelo apag\u00e3o. O Centro Nacional de Furac\u00f5es dos EUA alerta para o risco de graves danos infraestruturais no leste cubano.\n<\/p>\n<p>As chuvas representam risco de enchentes, principalmente nas zonas montanhosas da Sierra Maestra, onde deslizamentos amea\u00e7am casas e estradas. A recupera\u00e7\u00e3o das estruturas b\u00e1sicas pode ser lenta, especialmente em \u00e1reas remotas.\n<\/p>\n<p><strong>Consequ\u00eancias do Apag\u00e3o no Terceiro Dia<\/strong><br \/>Desde o apag\u00e3o que come\u00e7ou na sexta-feira, 18 de outubro, mais de dez milh\u00f5es de cubanos est\u00e3o sem energia. O colapso energ\u00e9tico, agora agravado pelo furac\u00e3o, deixa muitos sem luz ou com fornecimento inst\u00e1vel. Apenas uma pequena parte do pa\u00eds teve a energia restabelecida, e as condi\u00e7\u00f5es clim\u00e1ticas dificultam os trabalhos de reparo.\n<\/p>\n<p>As autoridades cubanas trabalham para restabelecer a eletricidade, mas enfrentam dificuldades devido \u00e0s condi\u00e7\u00f5es adversas dos eventos naturais. O impacto econ\u00f4mico e social do apag\u00e3o prolongado \u00e9 profundo, afetando servi\u00e7os essenciais e a qualidade de vida.\n<\/p>\n<p><strong>Medidas Preventivas e Respostas das Autoridades<\/strong><br \/>Com a aproxima\u00e7\u00e3o do furac\u00e3o Oscar e a persist\u00eancia do apag\u00e3o, as autoridades cubanas implementaram planos de emerg\u00eancia para limitar os danos. A evacua\u00e7\u00e3o de \u00e1reas vulner\u00e1veis \u00e9 priorit\u00e1ria, assim como a prepara\u00e7\u00e3o de abrigos para os desalojados. Recursos est\u00e3o sendo alocados para garantir que hospitais e instala\u00e7\u00f5es cr\u00edticas tenham geradores ou fontes alternativas de energia.\n<\/p>\n<ul>\n<li>Estabelecimento de abrigos em escolas e centros comunit\u00e1rios.<\/li>\n<li>Distribui\u00e7\u00e3o de \u00e1gua pot\u00e1vel e suprimentos em localidades isoladas.<\/li>\n<li>Cria\u00e7\u00e3o de rotas de emerg\u00eancia e pontos de socorro para interven\u00e7\u00f5es r\u00e1pidas.<\/li>\n<\/ul>\n<p><strong>Perspectivas Futuras para o Clima em Cuba<\/strong><br \/>Especialistas em meteorologia indicam que as tempestades associadas ao furac\u00e3o Oscar n\u00e3o devem alcan\u00e7ar os Estados Unidos, mas permanecer\u00e3o sendo uma amea\u00e7a em Cuba nos pr\u00f3ximos dias. Este furac\u00e3o \u00e9 o d\u00e9cimo da temporada a atingir o Atl\u00e2ntico, com previs\u00f5es de novos eventos clim\u00e1ticos antes do final do ciclo anual de furac\u00f5es.\n<\/p>\n<p>A recupera\u00e7\u00e3o da infraestrutura el\u00e9trica e p\u00fablica em Cuba ser\u00e1 crucial ap\u00f3s o impacto. O suporte dom\u00e9stico e internacional ser\u00e1 necess\u00e1rio para que o pa\u00eds consiga superar esses desafios com resili\u00eancia e efic\u00e1cia.\n<\/p>\n<p>Fonte: O antagonista <\/p>\n<\/div>\n<p><br \/>\n<br \/><a href=\"https:\/\/diariodobrasilnoticias.com.br\/noticia\/furacao-oscar-chega-em-cuba-e-causa-preocupacao-671639194c9a6\">Source link <\/a><\/p>","protected":false},"excerpt":{"rendered":"<p>Na noite de domingo, 20 de outubro, o furac\u00e3o Oscar atingiu Cuba, aprofundando ainda mais a crise gerada por um apag\u00e3o que deixou milh\u00f5es de pessoas sem energia desde a&hellip;<\/p>","protected":false},"author":1,"featured_media":50388,"comment_status":"closed","ping_status":"open","sticky":false,"template":"","format":"standard","meta":{"content-type":"","footnotes":""},"categories":[16],"tags":[123,2448,5313,1267],"class_list":["post-50387","post","type-post","status-publish","format-standard","has-post-thumbnail","hentry","category-noticias","tag-brasil","tag-diario","tag-noticia","tag-noticias"],"_links":{"self":[{"href":"https:\/\/tvbrazilusa.com\/pt\/wp-json\/wp\/v2\/posts\/50387","targetHints":{"allow":["GET"]}}],"collection":[{"href":"https:\/\/tvbrazilusa.com\/pt\/wp-json\/wp\/v2\/posts"}],"about":[{"href":"https:\/\/tvbrazilusa.com\/pt\/wp-json\/wp\/v2\/types\/post"}],"author":[{"embeddable":true,"href":"https:\/\/tvbrazilusa.com\/pt\/wp-json\/wp\/v2\/users\/1"}],"replies":[{"embeddable":true,"href":"https:\/\/tvbrazilusa.com\/pt\/wp-json\/wp\/v2\/comments?post=50387"}],"version-history":[{"count":1,"href":"https:\/\/tvbrazilusa.com\/pt\/wp-json\/wp\/v2\/posts\/50387\/revisions"}],"predecessor-version":[{"id":50389,"href":"https:\/\/tvbrazilusa.com\/pt\/wp-json\/wp\/v2\/posts\/50387\/revisions\/50389"}],"wp:featuredmedia":[{"embeddable":true,"href":"https:\/\/tvbrazilusa.com\/pt\/wp-json\/wp\/v2\/media\/50388"}],"wp:attachment":[{"href":"https:\/\/tvbrazilusa.com\/pt\/wp-json\/wp\/v2\/media?parent=50387"}],"wp:term":[{"taxonomy":"category","embeddable":true,"href":"https:\/\/tvbrazilusa.com\/pt\/wp-json\/wp\/v2\/categories?post=50387"},{"taxonomy":"post_tag","embeddable":true,"href":"https:\/\/tvbrazilusa.com\/pt\/wp-json\/wp\/v2\/tags?post=50387"}],"curies":[{"name":"wp","href":"https:\/\/api.w.org\/{rel}","templated":true}]}}